{"id":4568,"date":"2026-01-12T10:38:46","date_gmt":"2026-01-12T08:38:46","guid":{"rendered":"https:\/\/jcjarvenpaa.fi\/?p=4568"},"modified":"2026-01-12T10:40:55","modified_gmt":"2026-01-12T08:40:55","slug":"kaupunkikehitysilta-ke-4-2","status":"publish","type":"post","link":"https:\/\/jcjarvenpaa.fi\/en\/2026\/01\/12\/kaupunkikehitysilta-ke-4-2\/","title":{"rendered":"JNSKK x J\u00e4rvenp\u00e4\u00e4: Kaupunkikehitysilta ke 4.2.2026"},"content":{"rendered":"<p><strong>Tervetuloa J\u00e4rvenp\u00e4\u00e4n Seudun Nuorkauppakamarin j\u00e4rjest\u00e4m\u00e4\u00e4n kaupunkikehitysiltaan keskiviikkona 4.2. klo 17-18.30.<\/strong> Illan aikana kuullaan, mitk\u00e4 ovat J\u00e4rvenp\u00e4\u00e4n ajankohtaisimmat kaupunkikehitt\u00e4mishankkeet, minne kaupunki kasvaa tulevaisuudessa ja mit\u00e4 kaupunkikehitt\u00e4minen ylip\u00e4\u00e4t\u00e4\u00e4n tarkoittaa. Hankkeista kertoo J\u00e4rvenp\u00e4\u00e4n maank\u00e4ytt\u00f6johtaja Juhana Hiironen ja iltaa em\u00e4nn\u00f6i Salla Niemel\u00e4. Esittelyn ohella aikaa on varattu kysymyksille ja keskustelulle.<\/p>\n<p><strong>Aika:<\/strong> 4.2. klo 17-18.30<br class=\"html-br\" \/><strong>Paikka:<\/strong> Bulevardikortteli, Sibeliuksenkatu 8, 8. krs<br class=\"html-br\" \/><strong>Kenelle:<\/strong> j\u00e4senet, koej\u00e4senet, kunnia\/ff-j\u00e4senet, senaattorit, toiminnasta kiinnostuneet ja perheet<br \/>\nTapahtuma on avoin ja helppo tapa tulla tutustumaan J\u00e4rvenp\u00e4\u00e4n Seudun Nuorkauppakamarin ihmisiin ja toimintaan.<br \/>\nTilaisuus on maksuton.<\/p>\n<p><strong>Lis\u00e4tietoja:<\/strong><br \/>\n<a href=\"mailto:lom@jcjarvenpaa.fi\">lom@jcjarvenpaa.fi<\/a><br \/>\n<br class=\"html-br\" \/><strong>Ilmoittautuminen t\u00e4ll\u00e4 Formsilla ma 2.2. menness\u00e4<\/strong><br \/>\n<a href=\"https:\/\/forms.office.com\/e\/4FRgEV6f7p\">https:\/\/forms.office.com\/e\/4FRgEV6f7p<\/a><\/p>","protected":false},"excerpt":{"rendered":"<p>Tervetuloa J\u00e4rvenp\u00e4\u00e4n Seudun Nuorkauppakamarin j\u00e4rjest\u00e4m\u00e4\u00e4n kaupunkikehitysiltaan keskiviikkona 4.2. klo 17-18.30. Illan aikana kuullaan, mitk\u00e4 ovat J\u00e4rvenp\u00e4\u00e4n ajankohtaisimmat kaupunkikehitt\u00e4mishankkeet, minne kaupunki kasvaa tulevaisuudessa ja mit\u00e4 kaupunkikehitt\u00e4minen ylip\u00e4\u00e4t\u00e4\u00e4n tarkoittaa. Hankkeista kertoo J\u00e4rvenp\u00e4\u00e4n maank\u00e4ytt\u00f6johtaja Juhana Hiironen ja iltaa em\u00e4nn\u00f6i Salla Niemel\u00e4. Esittelyn ohella aikaa on varattu kysymyksille ja keskustelulle. Aika: 4.2. klo 17-18.30Paikka: Bulevardikortteli, Sibeliuksenkatu 8, 8. krsKenelle: [&hellip;]<\/p>","protected":false},"author":46,"featured_media":4569,"comment_status":"closed","ping_status":"open","sticky":false,"template":"","format":"standard","meta":{"site-sidebar-layout":"default","site-content-layout":"","ast-site-content-layout":"default","site-content-style":"default","site-sidebar-style":"default","ast-global-header-display":"","ast-banner-title-visibility":"","ast-main-header-display":"","ast-hfb-above-header-display":"","ast-hfb-below-header-display":"","ast-hfb-mobile-header-display":"","site-post-title":"","ast-breadcrumbs-content":"","ast-featured-img":"","footer-sml-layout":"","theme-transparent-header-meta":"default","adv-header-id-meta":"","stick-header-meta":"","header-above-stick-meta":"","header-main-stick-meta":"","header-below-stick-meta":"","astra-migrate-meta-layouts":"set","ast-page-background-enabled":"default","ast-page-background-meta":{"desktop":{"background-color":"","background-image":"","background-repeat":"repeat","background-position":"center center","background-size":"auto","background-attachment":"scroll","background-type":"","background-media":"","overlay-type":"","overlay-color":"","overlay-opacity":"","overlay-gradient":""},"tablet":{"background-color":"","background-image":"","background-repeat":"repeat","background-position":"center center","background-size":"auto","background-attachment":"scroll","background-type":"","background-media":"","overlay-type":"","overlay-color":"","overlay-opacity":"","overlay-gradient":""},"mobile":{"background-color":"","background-image":"","background-repeat":"repeat","background-position":"center center","background-size":"auto","background-attachment":"scroll","background-type":"","background-media":"","overlay-type":"","overlay-color":"","overlay-opacity":"","overlay-gradient":""}},"ast-content-background-meta":{"desktop":{"background-color":"var(--ast-global-color-5)","background-image":"","background-repeat":"repeat","background-position":"center center","background-size":"auto","background-attachment":"scroll","background-type":"","background-media":"","overlay-type":"","overlay-color":"","overlay-opacity":"","overlay-gradient":""},"tablet":{"background-color":"var(--ast-global-color-5)","background-image":"","background-repeat":"repeat","background-position":"center center","background-size":"auto","background-attachment":"scroll","background-type":"","background-media":"","overlay-type":"","overlay-color":"","overlay-opacity":"","overlay-gradient":""},"mobile":{"background-color":"var(--ast-global-color-5)","background-image":"","background-repeat":"repeat","background-position":"center center","background-size":"auto","background-attachment":"scroll","background-type":"","background-media":"","overlay-type":"","overlay-color":"","overlay-opacity":"","overlay-gradient":""}},"footnotes":""},"categories":[2],"tags":[],"class_list":["post-4568","post","type-post","status-publish","format-standard","has-post-thumbnail","hentry","category-uutiset"],"yoast_head":"<!-- This site is optimized with the Yoast SEO plugin v26.1.1 - https:\/\/yoast.com\/wordpress\/plugins\/seo\/ -->\n<title>JNSKK x J\u00e4rvenp\u00e4\u00e4: Kaupunkikehitysilta ke 4.2.2026 - J\u00e4rvenp\u00e4\u00e4n Seudun Nuorkauppakamari<\/title>\n<meta name=\"robots\" content=\"index, follow, max-snippet:-1, max-image-preview:large, max-video-preview:-1\" \/>\n<link rel=\"canonical\" href=\"https:\/\/jcjarvenpaa.fi\/en\/2026\/01\/12\/kaupunkikehitysilta-ke-4-2\/\" \/>\n<meta property=\"og:locale\" content=\"en_GB\" \/>\n<meta property=\"og:type\" content=\"article\" \/>\n<meta property=\"og:title\" content=\"JNSKK x J\u00e4rvenp\u00e4\u00e4: Kaupunkikehitysilta ke 4.2.2026 - J\u00e4rvenp\u00e4\u00e4n Seudun Nuorkauppakamari\" \/>\n<meta property=\"og:description\" content=\"Tervetuloa J\u00e4rvenp\u00e4\u00e4n Seudun Nuorkauppakamarin j\u00e4rjest\u00e4m\u00e4\u00e4n kaupunkikehitysiltaan keskiviikkona 4.2. klo 17-18.30. Illan aikana kuullaan, mitk\u00e4 ovat J\u00e4rvenp\u00e4\u00e4n ajankohtaisimmat kaupunkikehitt\u00e4mishankkeet, minne kaupunki kasvaa tulevaisuudessa ja mit\u00e4 kaupunkikehitt\u00e4minen ylip\u00e4\u00e4t\u00e4\u00e4n tarkoittaa. Hankkeista kertoo J\u00e4rvenp\u00e4\u00e4n maank\u00e4ytt\u00f6johtaja Juhana Hiironen ja iltaa em\u00e4nn\u00f6i Salla Niemel\u00e4. Esittelyn ohella aikaa on varattu kysymyksille ja keskustelulle. Aika: 4.2. klo 17-18.30Paikka: Bulevardikortteli, Sibeliuksenkatu 8, 8. krsKenelle: [&hellip;]\" \/>\n<meta property=\"og:url\" content=\"https:\/\/jcjarvenpaa.fi\/en\/2026\/01\/12\/kaupunkikehitysilta-ke-4-2\/\" \/>\n<meta property=\"og:site_name\" content=\"J\u00e4rvenp\u00e4\u00e4n Seudun Nuorkauppakamari\" \/>\n<meta property=\"article:published_time\" content=\"2026-01-12T08:38:46+00:00\" \/>\n<meta property=\"article:modified_time\" content=\"2026-01-12T08:40:55+00:00\" \/>\n<meta property=\"og:image\" content=\"http:\/\/jcjarvenpaa.fi\/wp-content\/uploads\/2026\/01\/kehittyvajarvenpaa.jpg\" \/>\n\t<meta property=\"og:image:width\" content=\"1024\" \/>\n\t<meta property=\"og:image:height\" content=\"683\" \/>\n\t<meta property=\"og:image:type\" content=\"image\/jpeg\" \/>\n<meta name=\"author\" content=\"juho.pyorny@jci.fi\" \/>\n<meta name=\"twitter:card\" content=\"summary_large_image\" \/>\n<meta name=\"twitter:label1\" content=\"Written by\" \/>\n\t<meta name=\"twitter:data1\" content=\"juho.pyorny@jci.fi\" \/>\n\t<meta name=\"twitter:label2\" content=\"Estimated reading time\" \/>\n\t<meta name=\"twitter:data2\" content=\"1 minute\" \/>\n<script type=\"application\/ld+json\" class=\"yoast-schema-graph\">{\"@context\":\"https:\/\/schema.org\",\"@graph\":[{\"@type\":\"Article\",\"@id\":\"https:\/\/jcjarvenpaa.fi\/2026\/01\/12\/kaupunkikehitysilta-ke-4-2\/#article\",\"isPartOf\":{\"@id\":\"https:\/\/jcjarvenpaa.fi\/2026\/01\/12\/kaupunkikehitysilta-ke-4-2\/\"},\"author\":{\"name\":\"juho.pyorny@jci.fi\",\"@id\":\"https:\/\/jcjarvenpaa.fi\/#\/schema\/person\/becd4c50d26913961f5b2cbc6c290b99\"},\"headline\":\"JNSKK x J\u00e4rvenp\u00e4\u00e4: Kaupunkikehitysilta ke 4.2.2026\",\"datePublished\":\"2026-01-12T08:38:46+00:00\",\"dateModified\":\"2026-01-12T08:40:55+00:00\",\"mainEntityOfPage\":{\"@id\":\"https:\/\/jcjarvenpaa.fi\/2026\/01\/12\/kaupunkikehitysilta-ke-4-2\/\"},\"wordCount\":126,\"publisher\":{\"@id\":\"https:\/\/jcjarvenpaa.fi\/#organization\"},\"image\":{\"@id\":\"https:\/\/jcjarvenpaa.fi\/2026\/01\/12\/kaupunkikehitysilta-ke-4-2\/#primaryimage\"},\"thumbnailUrl\":\"https:\/\/jcjarvenpaa.fi\/wp-content\/uploads\/2026\/01\/kehittyvajarvenpaa.jpg\",\"articleSection\":[\"Uutiset\"],\"inLanguage\":\"en-GB\"},{\"@type\":\"WebPage\",\"@id\":\"https:\/\/jcjarvenpaa.fi\/2026\/01\/12\/kaupunkikehitysilta-ke-4-2\/\",\"url\":\"https:\/\/jcjarvenpaa.fi\/2026\/01\/12\/kaupunkikehitysilta-ke-4-2\/\",\"name\":\"JNSKK x J\u00e4rvenp\u00e4\u00e4: Kaupunkikehitysilta ke 4.2.2026 - J\u00e4rvenp\u00e4\u00e4n Seudun Nuorkauppakamari\",\"isPartOf\":{\"@id\":\"https:\/\/jcjarvenpaa.fi\/#website\"},\"primaryImageOfPage\":{\"@id\":\"https:\/\/jcjarvenpaa.fi\/2026\/01\/12\/kaupunkikehitysilta-ke-4-2\/#primaryimage\"},\"image\":{\"@id\":\"https:\/\/jcjarvenpaa.fi\/2026\/01\/12\/kaupunkikehitysilta-ke-4-2\/#primaryimage\"},\"thumbnailUrl\":\"https:\/\/jcjarvenpaa.fi\/wp-content\/uploads\/2026\/01\/kehittyvajarvenpaa.jpg\",\"datePublished\":\"2026-01-12T08:38:46+00:00\",\"dateModified\":\"2026-01-12T08:40:55+00:00\",\"breadcrumb\":{\"@id\":\"https:\/\/jcjarvenpaa.fi\/2026\/01\/12\/kaupunkikehitysilta-ke-4-2\/#breadcrumb\"},\"inLanguage\":\"en-GB\",\"potentialAction\":[{\"@type\":\"ReadAction\",\"target\":[\"https:\/\/jcjarvenpaa.fi\/2026\/01\/12\/kaupunkikehitysilta-ke-4-2\/\"]}]},{\"@type\":\"ImageObject\",\"inLanguage\":\"en-GB\",\"@id\":\"https:\/\/jcjarvenpaa.fi\/2026\/01\/12\/kaupunkikehitysilta-ke-4-2\/#primaryimage\",\"url\":\"https:\/\/jcjarvenpaa.fi\/wp-content\/uploads\/2026\/01\/kehittyvajarvenpaa.jpg\",\"contentUrl\":\"https:\/\/jcjarvenpaa.fi\/wp-content\/uploads\/2026\/01\/kehittyvajarvenpaa.jpg\",\"width\":1024,\"height\":683},{\"@type\":\"BreadcrumbList\",\"@id\":\"https:\/\/jcjarvenpaa.fi\/2026\/01\/12\/kaupunkikehitysilta-ke-4-2\/#breadcrumb\",\"itemListElement\":[{\"@type\":\"ListItem\",\"position\":1,\"name\":\"Home\",\"item\":\"https:\/\/jcjarvenpaa.fi\/\"},{\"@type\":\"ListItem\",\"position\":2,\"name\":\"JNSKK x J\u00e4rvenp\u00e4\u00e4: Kaupunkikehitysilta ke 4.2.2026\"}]},{\"@type\":\"WebSite\",\"@id\":\"https:\/\/jcjarvenpaa.fi\/#website\",\"url\":\"https:\/\/jcjarvenpaa.fi\/\",\"name\":\"J\u00e4rvenp\u00e4\u00e4n Seudun Nuorkauppakamari\",\"description\":\"Be better\",\"publisher\":{\"@id\":\"https:\/\/jcjarvenpaa.fi\/#organization\"},\"potentialAction\":[{\"@type\":\"SearchAction\",\"target\":{\"@type\":\"EntryPoint\",\"urlTemplate\":\"https:\/\/jcjarvenpaa.fi\/?s={search_term_string}\"},\"query-input\":{\"@type\":\"PropertyValueSpecification\",\"valueRequired\":true,\"valueName\":\"search_term_string\"}}],\"inLanguage\":\"en-GB\"},{\"@type\":\"Organization\",\"@id\":\"https:\/\/jcjarvenpaa.fi\/#organization\",\"name\":\"J\u00e4rvenp\u00e4\u00e4n Seudun Nuorkauppakamari\",\"url\":\"https:\/\/jcjarvenpaa.fi\/\",\"logo\":{\"@type\":\"ImageObject\",\"inLanguage\":\"en-GB\",\"@id\":\"https:\/\/jcjarvenpaa.fi\/#\/schema\/logo\/image\/\",\"url\":\"https:\/\/jcjarvenpaa.fi\/wp-content\/uploads\/2020\/05\/JCI-Ja\u0308rvenpa\u0308a\u0308.png\",\"contentUrl\":\"https:\/\/jcjarvenpaa.fi\/wp-content\/uploads\/2020\/05\/JCI-Ja\u0308rvenpa\u0308a\u0308.png\",\"width\":1042,\"height\":474,\"caption\":\"J\u00e4rvenp\u00e4\u00e4n Seudun Nuorkauppakamari\"},\"image\":{\"@id\":\"https:\/\/jcjarvenpaa.fi\/#\/schema\/logo\/image\/\"}},{\"@type\":\"Person\",\"@id\":\"https:\/\/jcjarvenpaa.fi\/#\/schema\/person\/becd4c50d26913961f5b2cbc6c290b99\",\"name\":\"juho.pyorny@jci.fi\",\"image\":{\"@type\":\"ImageObject\",\"inLanguage\":\"en-GB\",\"@id\":\"https:\/\/jcjarvenpaa.fi\/#\/schema\/person\/image\/\",\"url\":\"https:\/\/secure.gravatar.com\/avatar\/b660285ae2c8183bcaae744b6afd7e10856b5610be79be0e162cae8dd06ec21a?s=96&d=mm&r=g\",\"contentUrl\":\"https:\/\/secure.gravatar.com\/avatar\/b660285ae2c8183bcaae744b6afd7e10856b5610be79be0e162cae8dd06ec21a?s=96&d=mm&r=g\",\"caption\":\"juho.pyorny@jci.fi\"},\"url\":\"https:\/\/jcjarvenpaa.fi\/en\/author\/juho-pyornyjci-fi\/\"}]}<\/script>\n<!-- \/ Yoast SEO plugin. -->","yoast_head_json":{"title":"JNSKK x J\u00e4rvenp\u00e4\u00e4: Kaupunkikehitysilta ke 4.2.2026 - J\u00e4rvenp\u00e4\u00e4n Seudun Nuorkauppakamari","robots":{"index":"index","follow":"follow","max-snippet":"max-snippet:-1","max-image-preview":"max-image-preview:large","max-video-preview":"max-video-preview:-1"},"canonical":"https:\/\/jcjarvenpaa.fi\/en\/2026\/01\/12\/kaupunkikehitysilta-ke-4-2\/","og_locale":"en_GB","og_type":"article","og_title":"JNSKK x J\u00e4rvenp\u00e4\u00e4: Kaupunkikehitysilta ke 4.2.2026 - J\u00e4rvenp\u00e4\u00e4n Seudun Nuorkauppakamari","og_description":"Tervetuloa J\u00e4rvenp\u00e4\u00e4n Seudun Nuorkauppakamarin j\u00e4rjest\u00e4m\u00e4\u00e4n kaupunkikehitysiltaan keskiviikkona 4.2. klo 17-18.30. Illan aikana kuullaan, mitk\u00e4 ovat J\u00e4rvenp\u00e4\u00e4n ajankohtaisimmat kaupunkikehitt\u00e4mishankkeet, minne kaupunki kasvaa tulevaisuudessa ja mit\u00e4 kaupunkikehitt\u00e4minen ylip\u00e4\u00e4t\u00e4\u00e4n tarkoittaa. Hankkeista kertoo J\u00e4rvenp\u00e4\u00e4n maank\u00e4ytt\u00f6johtaja Juhana Hiironen ja iltaa em\u00e4nn\u00f6i Salla Niemel\u00e4. Esittelyn ohella aikaa on varattu kysymyksille ja keskustelulle. Aika: 4.2. klo 17-18.30Paikka: Bulevardikortteli, Sibeliuksenkatu 8, 8. krsKenelle: [&hellip;]","og_url":"https:\/\/jcjarvenpaa.fi\/en\/2026\/01\/12\/kaupunkikehitysilta-ke-4-2\/","og_site_name":"J\u00e4rvenp\u00e4\u00e4n Seudun Nuorkauppakamari","article_published_time":"2026-01-12T08:38:46+00:00","article_modified_time":"2026-01-12T08:40:55+00:00","og_image":[{"width":1024,"height":683,"url":"http:\/\/jcjarvenpaa.fi\/wp-content\/uploads\/2026\/01\/kehittyvajarvenpaa.jpg","type":"image\/jpeg"}],"author":"juho.pyorny@jci.fi","twitter_card":"summary_large_image","twitter_misc":{"Written by":"juho.pyorny@jci.fi","Estimated reading time":"1 minute"},"schema":{"@context":"https:\/\/schema.org","@graph":[{"@type":"Article","@id":"https:\/\/jcjarvenpaa.fi\/2026\/01\/12\/kaupunkikehitysilta-ke-4-2\/#article","isPartOf":{"@id":"https:\/\/jcjarvenpaa.fi\/2026\/01\/12\/kaupunkikehitysilta-ke-4-2\/"},"author":{"name":"juho.pyorny@jci.fi","@id":"https:\/\/jcjarvenpaa.fi\/#\/schema\/person\/becd4c50d26913961f5b2cbc6c290b99"},"headline":"JNSKK x J\u00e4rvenp\u00e4\u00e4: Kaupunkikehitysilta ke 4.2.2026","datePublished":"2026-01-12T08:38:46+00:00","dateModified":"2026-01-12T08:40:55+00:00","mainEntityOfPage":{"@id":"https:\/\/jcjarvenpaa.fi\/2026\/01\/12\/kaupunkikehitysilta-ke-4-2\/"},"wordCount":126,"publisher":{"@id":"https:\/\/jcjarvenpaa.fi\/#organization"},"image":{"@id":"https:\/\/jcjarvenpaa.fi\/2026\/01\/12\/kaupunkikehitysilta-ke-4-2\/#primaryimage"},"thumbnailUrl":"https:\/\/jcjarvenpaa.fi\/wp-content\/uploads\/2026\/01\/kehittyvajarvenpaa.jpg","articleSection":["Uutiset"],"inLanguage":"en-GB"},{"@type":"WebPage","@id":"https:\/\/jcjarvenpaa.fi\/2026\/01\/12\/kaupunkikehitysilta-ke-4-2\/","url":"https:\/\/jcjarvenpaa.fi\/2026\/01\/12\/kaupunkikehitysilta-ke-4-2\/","name":"JNSKK x J\u00e4rvenp\u00e4\u00e4: Kaupunkikehitysilta ke 4.2.2026 - J\u00e4rvenp\u00e4\u00e4n Seudun Nuorkauppakamari","isPartOf":{"@id":"https:\/\/jcjarvenpaa.fi\/#website"},"primaryImageOfPage":{"@id":"https:\/\/jcjarvenpaa.fi\/2026\/01\/12\/kaupunkikehitysilta-ke-4-2\/#primaryimage"},"image":{"@id":"https:\/\/jcjarvenpaa.fi\/2026\/01\/12\/kaupunkikehitysilta-ke-4-2\/#primaryimage"},"thumbnailUrl":"https:\/\/jcjarvenpaa.fi\/wp-content\/uploads\/2026\/01\/kehittyvajarvenpaa.jpg","datePublished":"2026-01-12T08:38:46+00:00","dateModified":"2026-01-12T08:40:55+00:00","breadcrumb":{"@id":"https:\/\/jcjarvenpaa.fi\/2026\/01\/12\/kaupunkikehitysilta-ke-4-2\/#breadcrumb"},"inLanguage":"en-GB","potentialAction":[{"@type":"ReadAction","target":["https:\/\/jcjarvenpaa.fi\/2026\/01\/12\/kaupunkikehitysilta-ke-4-2\/"]}]},{"@type":"ImageObject","inLanguage":"en-GB","@id":"https:\/\/jcjarvenpaa.fi\/2026\/01\/12\/kaupunkikehitysilta-ke-4-2\/#primaryimage","url":"https:\/\/jcjarvenpaa.fi\/wp-content\/uploads\/2026\/01\/kehittyvajarvenpaa.jpg","contentUrl":"https:\/\/jcjarvenpaa.fi\/wp-content\/uploads\/2026\/01\/kehittyvajarvenpaa.jpg","width":1024,"height":683},{"@type":"BreadcrumbList","@id":"https:\/\/jcjarvenpaa.fi\/2026\/01\/12\/kaupunkikehitysilta-ke-4-2\/#breadcrumb","itemListElement":[{"@type":"ListItem","position":1,"name":"Home","item":"https:\/\/jcjarvenpaa.fi\/"},{"@type":"ListItem","position":2,"name":"JNSKK x J\u00e4rvenp\u00e4\u00e4: Kaupunkikehitysilta ke 4.2.2026"}]},{"@type":"WebSite","@id":"https:\/\/jcjarvenpaa.fi\/#website","url":"https:\/\/jcjarvenpaa.fi\/","name":"J\u00e4rvenp\u00e4\u00e4n Seudun Nuorkauppakamari","description":"Be better","publisher":{"@id":"https:\/\/jcjarvenpaa.fi\/#organization"},"potentialAction":[{"@type":"SearchAction","target":{"@type":"EntryPoint","urlTemplate":"https:\/\/jcjarvenpaa.fi\/?s={search_term_string}"},"query-input":{"@type":"PropertyValueSpecification","valueRequired":true,"valueName":"search_term_string"}}],"inLanguage":"en-GB"},{"@type":"Organization","@id":"https:\/\/jcjarvenpaa.fi\/#organization","name":"J\u00e4rvenp\u00e4\u00e4n Seudun Nuorkauppakamari","url":"https:\/\/jcjarvenpaa.fi\/","logo":{"@type":"ImageObject","inLanguage":"en-GB","@id":"https:\/\/jcjarvenpaa.fi\/#\/schema\/logo\/image\/","url":"https:\/\/jcjarvenpaa.fi\/wp-content\/uploads\/2020\/05\/JCI-Ja\u0308rvenpa\u0308a\u0308.png","contentUrl":"https:\/\/jcjarvenpaa.fi\/wp-content\/uploads\/2020\/05\/JCI-Ja\u0308rvenpa\u0308a\u0308.png","width":1042,"height":474,"caption":"J\u00e4rvenp\u00e4\u00e4n Seudun Nuorkauppakamari"},"image":{"@id":"https:\/\/jcjarvenpaa.fi\/#\/schema\/logo\/image\/"}},{"@type":"Person","@id":"https:\/\/jcjarvenpaa.fi\/#\/schema\/person\/becd4c50d26913961f5b2cbc6c290b99","name":"juho.pyorny@jci.fi","image":{"@type":"ImageObject","inLanguage":"en-GB","@id":"https:\/\/jcjarvenpaa.fi\/#\/schema\/person\/image\/","url":"https:\/\/secure.gravatar.com\/avatar\/b660285ae2c8183bcaae744b6afd7e10856b5610be79be0e162cae8dd06ec21a?s=96&d=mm&r=g","contentUrl":"https:\/\/secure.gravatar.com\/avatar\/b660285ae2c8183bcaae744b6afd7e10856b5610be79be0e162cae8dd06ec21a?s=96&d=mm&r=g","caption":"juho.pyorny@jci.fi"},"url":"https:\/\/jcjarvenpaa.fi\/en\/author\/juho-pyornyjci-fi\/"}]}},"_links":{"self":[{"href":"https:\/\/jcjarvenpaa.fi\/en\/wp-json\/wp\/v2\/posts\/4568","targetHints":{"allow":["GET"]}}],"collection":[{"href":"https:\/\/jcjarvenpaa.fi\/en\/wp-json\/wp\/v2\/posts"}],"about":[{"href":"https:\/\/jcjarvenpaa.fi\/en\/wp-json\/wp\/v2\/types\/post"}],"author":[{"embeddable":true,"href":"https:\/\/jcjarvenpaa.fi\/en\/wp-json\/wp\/v2\/users\/46"}],"replies":[{"embeddable":true,"href":"https:\/\/jcjarvenpaa.fi\/en\/wp-json\/wp\/v2\/comments?post=4568"}],"version-history":[{"count":4,"href":"https:\/\/jcjarvenpaa.fi\/en\/wp-json\/wp\/v2\/posts\/4568\/revisions"}],"predecessor-version":[{"id":4573,"href":"https:\/\/jcjarvenpaa.fi\/en\/wp-json\/wp\/v2\/posts\/4568\/revisions\/4573"}],"wp:featuredmedia":[{"embeddable":true,"href":"https:\/\/jcjarvenpaa.fi\/en\/wp-json\/wp\/v2\/media\/4569"}],"wp:attachment":[{"href":"https:\/\/jcjarvenpaa.fi\/en\/wp-json\/wp\/v2\/media?parent=4568"}],"wp:term":[{"taxonomy":"category","embeddable":true,"href":"https:\/\/jcjarvenpaa.fi\/en\/wp-json\/wp\/v2\/categories?post=4568"},{"taxonomy":"post_tag","embeddable":true,"href":"https:\/\/jcjarvenpaa.fi\/en\/wp-json\/wp\/v2\/tags?post=4568"}],"curies":[{"name":"wp","href":"https:\/\/api.w.org\/{rel}","templated":true}]}}