{"id":4563,"date":"2025-12-06T21:18:03","date_gmt":"2025-12-06T19:18:03","guid":{"rendered":"https:\/\/jcjarvenpaa.fi\/?p=4563"},"modified":"2025-12-06T21:18:03","modified_gmt":"2025-12-06T19:18:03","slug":"vuoden-jarvenpaalainen-2025-on-valittamisen-kulttuurin-sanansaattaja-eero-vaisanen","status":"publish","type":"post","link":"https:\/\/jcjarvenpaa.fi\/en\/2025\/12\/06\/vuoden-jarvenpaalainen-2025-on-valittamisen-kulttuurin-sanansaattaja-eero-vaisanen\/","title":{"rendered":"Vuoden j\u00e4rvenp\u00e4\u00e4l\u00e4inen 2025 on v\u00e4litt\u00e4misen kulttuurin sanansaattaja Eero V\u00e4is\u00e4nen"},"content":{"rendered":"<p><span style=\"font-weight: 400;\">Vuoden j\u00e4rvenp\u00e4\u00e4l\u00e4inen Eero V\u00e4is\u00e4nen tunnetaan Siskojen ja Simojen pitk\u00e4aikaisena toiminnanjohtajana ja perustajana sek\u00e4 V\u00e4litt\u00e4misen kansanliikkeen k\u00e4ynnist\u00e4j\u00e4n\u00e4. Huomionosoitus luovutettiin J\u00e4rvenp\u00e4\u00e4n kaupungin perinteisess\u00e4 itsen\u00e4isyysp\u00e4iv\u00e4konsertissa 6.12.2025.<\/span><\/p>\n<p><span style=\"font-weight: 400;\">Eeron el\u00e4m\u00e4nty\u00f6 on ilahduttanut tuhansia ik\u00e4ihmisi\u00e4 ja vapaaehtoisia. Siskojen ja Simojen yhteis\u00f6n tarina alkoi J\u00e4rvenp\u00e4\u00e4st\u00e4 maaliskuussa 2013 ja sen yli kymmeneen toimintavuoteen on mahtunut satoja V\u00e4litt\u00e4misen keikkoja, joilla on kohdattu 55 000 ik\u00e4ihmist\u00e4 23 eri paikkakunnalla.\u00a0<\/span><\/p>\n<p><span style=\"font-weight: 400;\">Eero on ylpe\u00e4 kotikaupungistaan J\u00e4rvenp\u00e4\u00e4st\u00e4 ja on tuonut eri tempauksilla J\u00e4rvenp\u00e4\u00e4t\u00e4 tunnetuksi koko Suomessa. Kev\u00e4\u00e4ll\u00e4 2025 j\u00e4rjestetyt V\u00e4litt\u00e4misen SM-kisat loivat Suomeen 23 000 tuntia v\u00e4litt\u00e4vi\u00e4 tekoja ja vapaaehtoisty\u00f6t\u00e4 52 paikkakunnalla. Kotikaupunki J\u00e4rvenp\u00e4\u00e4 ker\u00e4si kisassa absoluuttisesti suurimman joukkuepistem\u00e4\u00e4r\u00e4n. Eeron k\u00e4ynnist\u00e4m\u00e4 projekti aktivoi j\u00e4rvenp\u00e4\u00e4l\u00e4isi\u00e4 ja lis\u00e4si sosiaalista hyvinvointia kaupungissa.\u00a0<\/span><\/p>\n<p><span style=\"font-weight: 400;\">V\u00e4is\u00e4nen on toiminut yritt\u00e4j\u00e4n\u00e4 ja ty\u00f6skennellyt aiemmin vuosikymmenen J\u00e4rvenp\u00e4\u00e4n kaupungin palveluksessa HR-teht\u00e4viss\u00e4 ja kehitt\u00e4misp\u00e4\u00e4llikk\u00f6n\u00e4. T\u00e4n\u00e4 aikana V\u00e4is\u00e4sen on kertonut oivaltaneensa, ett\u00e4 ihmisten on otettava tulevaisuudessa enemm\u00e4n vastuuta omasta ja toisten hyvinvoinnista. Eerolle v\u00e4litt\u00e4misest\u00e4 on muodostunut syd\u00e4men asia ja el\u00e4m\u00e4ntapa.<\/span><\/p>\n<p><span style=\"font-weight: 400;\">&#8221;On suuri kunnia olla osa l\u00e4hes 50-vuotta jatkunutta Vuoden j\u00e4rvenp\u00e4\u00e4l\u00e4isen traditiota. Omistan nimityksen kaikille J\u00e4rvenp\u00e4\u00e4n vapaaehtoisille Siskoille ja Simoille, jotka aloittivat ik\u00e4ihmisten ilahduttamisen kanssani jo vuonna 2013. On ollut arvokasta tehd\u00e4 t\u00e4t\u00e4 ty\u00f6t\u00e4 ensin vapaaehtoisena ja sitten j\u00e4rjest\u00f6n toiminnanjohtajana hienojen vapaaehtoisten ja hyvien yhteisty\u00f6kumppanien kanssa.<\/span> <span style=\"font-weight: 400;\">Yhteiskunta tarvitsee v\u00e4litt\u00e4misen eetosta ja henke\u00e4, jota vapaaehtoisty\u00f6ll\u00e4 ja my\u00f6s siihen innostavalla uudella innovaatiolla, V\u00e4litt\u00e4misen SM-kisoilla luodaan&#8221;, Vuoden j\u00e4rvenp\u00e4\u00e4l\u00e4inen Eero V\u00e4is\u00e4nen kiitt\u00e4\u00e4.<\/span><\/p>\n<p><span style=\"font-weight: 400;\">J\u00e4rvenp\u00e4\u00e4n Seudun Nuorkauppakamari on jakanut huomionosoitusta vuodesta 1978 l\u00e4htien. Vuoden j\u00e4rvenp\u00e4\u00e4l\u00e4ist\u00e4 etsittiin t\u00e4n\u00e4kin vuonna julkisen ehdokasasettelun kautta 1.\u201321.11.2025.<\/span> <span style=\"font-weight: 400;\">T\u00e4n\u00e4 vuonna palkintoraadissa toimivat Vuoden j\u00e4rvenp\u00e4\u00e4l\u00e4inen 2024 Sami Mehamedi, J\u00e4rvenp\u00e4\u00e4n kaupungin kulttuurijohtaja Pirre Raijas, yrityspalvelup\u00e4\u00e4llikk\u00f6 Susanna Aramo <\/span><span style=\"font-weight: 400;\">sek\u00e4 J\u00e4rvenp\u00e4\u00e4n Seudun Nuorkauppakamarin edustajat Juho Py\u00f6rny, Juha Elo ja Topi Rantala.<\/span><\/p>\n<p><span style=\"font-weight: 400;\">Vuonna 2025 j\u00e4rvenp\u00e4\u00e4l\u00e4iseksi haettiin henkil\u00f6\u00e4 tai toimijaa, joka on merkitt\u00e4v\u00e4sti vaikuttanut kaupunkilaisten taloudelliseen, sosiaaliseen tai henkiseen hyvinvointiin, edist\u00e4nyt J\u00e4rvenp\u00e4\u00e4n vetovoimaa, viestinyt positiivista uskoa tulevaan ja vaikuttanut ymp\u00e4rist\u00f6ss\u00e4\u00e4n kokoaan \u00e4\u00e4nekk\u00e4\u00e4mmin.<\/span><\/p>\n<p><span style=\"font-weight: 400;\">\u201cEero on vastavoima v\u00e4linpit\u00e4m\u00e4tt\u00f6myydelle, rohkea ja toimeen tarttuva j\u00e4rvenp\u00e4\u00e4l\u00e4inen. Kaupunkilaisten antamat ehdotukset muodostivat kisassa selv\u00e4t k\u00e4rkiehdokkaat ja heist\u00e4 raadin valinta oli lopulta yksimielinen\u201d, kertoo t\u00e4m\u00e4n vuoden projektip\u00e4\u00e4llikk\u00f6 Juho Py\u00f6rny.<\/span><\/p>","protected":false},"excerpt":{"rendered":"<p>Vuoden j\u00e4rvenp\u00e4\u00e4l\u00e4inen Eero V\u00e4is\u00e4nen tunnetaan Siskojen ja Simojen pitk\u00e4aikaisena toiminnanjohtajana ja perustajana sek\u00e4 V\u00e4litt\u00e4misen kansanliikkeen k\u00e4ynnist\u00e4j\u00e4n\u00e4. Huomionosoitus luovutettiin J\u00e4rvenp\u00e4\u00e4n kaupungin perinteisess\u00e4 itsen\u00e4isyysp\u00e4iv\u00e4konsertissa 6.12.2025. Eeron el\u00e4m\u00e4nty\u00f6 on ilahduttanut tuhansia ik\u00e4ihmisi\u00e4 ja vapaaehtoisia. Siskojen ja Simojen yhteis\u00f6n tarina alkoi J\u00e4rvenp\u00e4\u00e4st\u00e4 maaliskuussa 2013 ja sen yli kymmeneen toimintavuoteen on mahtunut satoja V\u00e4litt\u00e4misen keikkoja, joilla on kohdattu 55 000 [&hellip;]<\/p>","protected":false},"author":46,"featured_media":4565,"comment_status":"closed","ping_status":"open","sticky":false,"template":"","format":"standard","meta":{"site-sidebar-layout":"default","site-content-layout":"","ast-site-content-layout":"default","site-content-style":"default","site-sidebar-style":"default","ast-global-header-display":"","ast-banner-title-visibility":"","ast-main-header-display":"","ast-hfb-above-header-display":"","ast-hfb-below-header-display":"","ast-hfb-mobile-header-display":"","site-post-title":"","ast-breadcrumbs-content":"","ast-featured-img":"","footer-sml-layout":"","theme-transparent-header-meta":"default","adv-header-id-meta":"","stick-header-meta":"","header-above-stick-meta":"","header-main-stick-meta":"","header-below-stick-meta":"","astra-migrate-meta-layouts":"set","ast-page-background-enabled":"default","ast-page-background-meta":{"desktop":{"background-color":"","background-image":"","background-repeat":"repeat","background-position":"center center","background-size":"auto","background-attachment":"scroll","background-type":"","background-media":"","overlay-type":"","overlay-color":"","overlay-opacity":"","overlay-gradient":""},"tablet":{"background-color":"","background-image":"","background-repeat":"repeat","background-position":"center center","background-size":"auto","background-attachment":"scroll","background-type":"","background-media":"","overlay-type":"","overlay-color":"","overlay-opacity":"","overlay-gradient":""},"mobile":{"background-color":"","background-image":"","background-repeat":"repeat","background-position":"center center","background-size":"auto","background-attachment":"scroll","background-type":"","background-media":"","overlay-type":"","overlay-color":"","overlay-opacity":"","overlay-gradient":""}},"ast-content-background-meta":{"desktop":{"background-color":"var(--ast-global-color-5)","background-image":"","background-repeat":"repeat","background-position":"center center","background-size":"auto","background-attachment":"scroll","background-type":"","background-media":"","overlay-type":"","overlay-color":"","overlay-opacity":"","overlay-gradient":""},"tablet":{"background-color":"var(--ast-global-color-5)","background-image":"","background-repeat":"repeat","background-position":"center center","background-size":"auto","background-attachment":"scroll","background-type":"","background-media":"","overlay-type":"","overlay-color":"","overlay-opacity":"","overlay-gradient":""},"mobile":{"background-color":"var(--ast-global-color-5)","background-image":"","background-repeat":"repeat","background-position":"center center","background-size":"auto","background-attachment":"scroll","background-type":"","background-media":"","overlay-type":"","overlay-color":"","overlay-opacity":"","overlay-gradient":""}},"footnotes":""},"categories":[11,2,9],"tags":[],"class_list":["post-4563","post","type-post","status-publish","format-standard","has-post-thumbnail","hentry","category-projektit","category-uutiset","category-vuoden-jarvenpaalainen"],"yoast_head":"<!-- This site is optimized with the Yoast SEO plugin v26.1.1 - https:\/\/yoast.com\/wordpress\/plugins\/seo\/ -->\n<title>Vuoden j\u00e4rvenp\u00e4\u00e4l\u00e4inen 2025 on v\u00e4litt\u00e4misen kulttuurin sanansaattaja Eero V\u00e4is\u00e4nen - J\u00e4rvenp\u00e4\u00e4n Seudun Nuorkauppakamari<\/title>\n<meta name=\"description\" content=\"Vuoden j\u00e4rvenp\u00e4\u00e4l\u00e4inen Eero V\u00e4is\u00e4nen palkittiin J\u00e4rvenp\u00e4\u00e4n kaupungin itsen\u00e4isyysp\u00e4iv\u00e4juhlassa 6.12.2025.\" \/>\n<meta name=\"robots\" content=\"index, follow, max-snippet:-1, max-image-preview:large, max-video-preview:-1\" \/>\n<link rel=\"canonical\" href=\"https:\/\/jcjarvenpaa.fi\/en\/2025\/12\/06\/vuoden-jarvenpaalainen-2025-on-valittamisen-kulttuurin-sanansaattaja-eero-vaisanen\/\" \/>\n<meta property=\"og:locale\" content=\"en_GB\" \/>\n<meta property=\"og:type\" content=\"article\" \/>\n<meta property=\"og:title\" content=\"Vuoden j\u00e4rvenp\u00e4\u00e4l\u00e4inen 2025 on v\u00e4litt\u00e4misen kulttuurin sanansaattaja Eero V\u00e4is\u00e4nen - J\u00e4rvenp\u00e4\u00e4n Seudun Nuorkauppakamari\" \/>\n<meta property=\"og:description\" content=\"Vuoden j\u00e4rvenp\u00e4\u00e4l\u00e4inen Eero V\u00e4is\u00e4nen palkittiin J\u00e4rvenp\u00e4\u00e4n kaupungin itsen\u00e4isyysp\u00e4iv\u00e4juhlassa 6.12.2025.\" \/>\n<meta property=\"og:url\" content=\"https:\/\/jcjarvenpaa.fi\/en\/2025\/12\/06\/vuoden-jarvenpaalainen-2025-on-valittamisen-kulttuurin-sanansaattaja-eero-vaisanen\/\" \/>\n<meta property=\"og:site_name\" content=\"J\u00e4rvenp\u00e4\u00e4n Seudun Nuorkauppakamari\" \/>\n<meta property=\"article:published_time\" content=\"2025-12-06T19:18:03+00:00\" \/>\n<meta property=\"og:image\" content=\"http:\/\/jcjarvenpaa.fi\/wp-content\/uploads\/2025\/12\/Vuoden-jarvenpaalainen-2025.jpg\" \/>\n\t<meta property=\"og:image:width\" content=\"1345\" \/>\n\t<meta property=\"og:image:height\" content=\"1894\" \/>\n\t<meta property=\"og:image:type\" content=\"image\/jpeg\" \/>\n<meta name=\"author\" content=\"juho.pyorny@jci.fi\" \/>\n<meta name=\"twitter:card\" content=\"summary_large_image\" \/>\n<meta name=\"twitter:label1\" content=\"Written by\" \/>\n\t<meta name=\"twitter:data1\" content=\"juho.pyorny@jci.fi\" \/>\n\t<meta name=\"twitter:label2\" content=\"Estimated reading time\" \/>\n\t<meta name=\"twitter:data2\" content=\"2 minutes\" \/>\n<script type=\"application\/ld+json\" class=\"yoast-schema-graph\">{\"@context\":\"https:\/\/schema.org\",\"@graph\":[{\"@type\":\"Article\",\"@id\":\"https:\/\/jcjarvenpaa.fi\/2025\/12\/06\/vuoden-jarvenpaalainen-2025-on-valittamisen-kulttuurin-sanansaattaja-eero-vaisanen\/#article\",\"isPartOf\":{\"@id\":\"https:\/\/jcjarvenpaa.fi\/2025\/12\/06\/vuoden-jarvenpaalainen-2025-on-valittamisen-kulttuurin-sanansaattaja-eero-vaisanen\/\"},\"author\":{\"name\":\"juho.pyorny@jci.fi\",\"@id\":\"https:\/\/jcjarvenpaa.fi\/#\/schema\/person\/becd4c50d26913961f5b2cbc6c290b99\"},\"headline\":\"Vuoden j\u00e4rvenp\u00e4\u00e4l\u00e4inen 2025 on v\u00e4litt\u00e4misen kulttuurin sanansaattaja Eero V\u00e4is\u00e4nen\",\"datePublished\":\"2025-12-06T19:18:03+00:00\",\"mainEntityOfPage\":{\"@id\":\"https:\/\/jcjarvenpaa.fi\/2025\/12\/06\/vuoden-jarvenpaalainen-2025-on-valittamisen-kulttuurin-sanansaattaja-eero-vaisanen\/\"},\"wordCount\":450,\"publisher\":{\"@id\":\"https:\/\/jcjarvenpaa.fi\/#organization\"},\"image\":{\"@id\":\"https:\/\/jcjarvenpaa.fi\/2025\/12\/06\/vuoden-jarvenpaalainen-2025-on-valittamisen-kulttuurin-sanansaattaja-eero-vaisanen\/#primaryimage\"},\"thumbnailUrl\":\"https:\/\/jcjarvenpaa.fi\/wp-content\/uploads\/2025\/12\/Vuoden-jarvenpaalainen-2025.jpg\",\"articleSection\":[\"projektit\",\"Uutiset\",\"Vuoden j\u00e4rvenp\u00e4\u00e4l\u00e4inen\"],\"inLanguage\":\"en-GB\"},{\"@type\":\"WebPage\",\"@id\":\"https:\/\/jcjarvenpaa.fi\/2025\/12\/06\/vuoden-jarvenpaalainen-2025-on-valittamisen-kulttuurin-sanansaattaja-eero-vaisanen\/\",\"url\":\"https:\/\/jcjarvenpaa.fi\/2025\/12\/06\/vuoden-jarvenpaalainen-2025-on-valittamisen-kulttuurin-sanansaattaja-eero-vaisanen\/\",\"name\":\"Vuoden j\u00e4rvenp\u00e4\u00e4l\u00e4inen 2025 on v\u00e4litt\u00e4misen kulttuurin sanansaattaja Eero V\u00e4is\u00e4nen - J\u00e4rvenp\u00e4\u00e4n Seudun Nuorkauppakamari\",\"isPartOf\":{\"@id\":\"https:\/\/jcjarvenpaa.fi\/#website\"},\"primaryImageOfPage\":{\"@id\":\"https:\/\/jcjarvenpaa.fi\/2025\/12\/06\/vuoden-jarvenpaalainen-2025-on-valittamisen-kulttuurin-sanansaattaja-eero-vaisanen\/#primaryimage\"},\"image\":{\"@id\":\"https:\/\/jcjarvenpaa.fi\/2025\/12\/06\/vuoden-jarvenpaalainen-2025-on-valittamisen-kulttuurin-sanansaattaja-eero-vaisanen\/#primaryimage\"},\"thumbnailUrl\":\"https:\/\/jcjarvenpaa.fi\/wp-content\/uploads\/2025\/12\/Vuoden-jarvenpaalainen-2025.jpg\",\"datePublished\":\"2025-12-06T19:18:03+00:00\",\"description\":\"Vuoden j\u00e4rvenp\u00e4\u00e4l\u00e4inen Eero V\u00e4is\u00e4nen palkittiin J\u00e4rvenp\u00e4\u00e4n kaupungin itsen\u00e4isyysp\u00e4iv\u00e4juhlassa 6.12.2025.\",\"breadcrumb\":{\"@id\":\"https:\/\/jcjarvenpaa.fi\/2025\/12\/06\/vuoden-jarvenpaalainen-2025-on-valittamisen-kulttuurin-sanansaattaja-eero-vaisanen\/#breadcrumb\"},\"inLanguage\":\"en-GB\",\"potentialAction\":[{\"@type\":\"ReadAction\",\"target\":[\"https:\/\/jcjarvenpaa.fi\/2025\/12\/06\/vuoden-jarvenpaalainen-2025-on-valittamisen-kulttuurin-sanansaattaja-eero-vaisanen\/\"]}]},{\"@type\":\"ImageObject\",\"inLanguage\":\"en-GB\",\"@id\":\"https:\/\/jcjarvenpaa.fi\/2025\/12\/06\/vuoden-jarvenpaalainen-2025-on-valittamisen-kulttuurin-sanansaattaja-eero-vaisanen\/#primaryimage\",\"url\":\"https:\/\/jcjarvenpaa.fi\/wp-content\/uploads\/2025\/12\/Vuoden-jarvenpaalainen-2025.jpg\",\"contentUrl\":\"https:\/\/jcjarvenpaa.fi\/wp-content\/uploads\/2025\/12\/Vuoden-jarvenpaalainen-2025.jpg\",\"width\":1345,\"height\":1894,\"caption\":\"Vuoden j\u00e4rvenp\u00e4\u00e4l\u00e4inen 2025 Eero V\u00e4is\u00e4nen\"},{\"@type\":\"BreadcrumbList\",\"@id\":\"https:\/\/jcjarvenpaa.fi\/2025\/12\/06\/vuoden-jarvenpaalainen-2025-on-valittamisen-kulttuurin-sanansaattaja-eero-vaisanen\/#breadcrumb\",\"itemListElement\":[{\"@type\":\"ListItem\",\"position\":1,\"name\":\"Home\",\"item\":\"https:\/\/jcjarvenpaa.fi\/\"},{\"@type\":\"ListItem\",\"position\":2,\"name\":\"Vuoden j\u00e4rvenp\u00e4\u00e4l\u00e4inen 2025 on v\u00e4litt\u00e4misen kulttuurin sanansaattaja Eero V\u00e4is\u00e4nen\"}]},{\"@type\":\"WebSite\",\"@id\":\"https:\/\/jcjarvenpaa.fi\/#website\",\"url\":\"https:\/\/jcjarvenpaa.fi\/\",\"name\":\"J\u00e4rvenp\u00e4\u00e4n Seudun Nuorkauppakamari\",\"description\":\"Be better\",\"publisher\":{\"@id\":\"https:\/\/jcjarvenpaa.fi\/#organization\"},\"potentialAction\":[{\"@type\":\"SearchAction\",\"target\":{\"@type\":\"EntryPoint\",\"urlTemplate\":\"https:\/\/jcjarvenpaa.fi\/?s={search_term_string}\"},\"query-input\":{\"@type\":\"PropertyValueSpecification\",\"valueRequired\":true,\"valueName\":\"search_term_string\"}}],\"inLanguage\":\"en-GB\"},{\"@type\":\"Organization\",\"@id\":\"https:\/\/jcjarvenpaa.fi\/#organization\",\"name\":\"J\u00e4rvenp\u00e4\u00e4n Seudun Nuorkauppakamari\",\"url\":\"https:\/\/jcjarvenpaa.fi\/\",\"logo\":{\"@type\":\"ImageObject\",\"inLanguage\":\"en-GB\",\"@id\":\"https:\/\/jcjarvenpaa.fi\/#\/schema\/logo\/image\/\",\"url\":\"https:\/\/jcjarvenpaa.fi\/wp-content\/uploads\/2020\/05\/JCI-Ja\u0308rvenpa\u0308a\u0308.png\",\"contentUrl\":\"https:\/\/jcjarvenpaa.fi\/wp-content\/uploads\/2020\/05\/JCI-Ja\u0308rvenpa\u0308a\u0308.png\",\"width\":1042,\"height\":474,\"caption\":\"J\u00e4rvenp\u00e4\u00e4n Seudun Nuorkauppakamari\"},\"image\":{\"@id\":\"https:\/\/jcjarvenpaa.fi\/#\/schema\/logo\/image\/\"}},{\"@type\":\"Person\",\"@id\":\"https:\/\/jcjarvenpaa.fi\/#\/schema\/person\/becd4c50d26913961f5b2cbc6c290b99\",\"name\":\"juho.pyorny@jci.fi\",\"image\":{\"@type\":\"ImageObject\",\"inLanguage\":\"en-GB\",\"@id\":\"https:\/\/jcjarvenpaa.fi\/#\/schema\/person\/image\/\",\"url\":\"https:\/\/secure.gravatar.com\/avatar\/b660285ae2c8183bcaae744b6afd7e10856b5610be79be0e162cae8dd06ec21a?s=96&d=mm&r=g\",\"contentUrl\":\"https:\/\/secure.gravatar.com\/avatar\/b660285ae2c8183bcaae744b6afd7e10856b5610be79be0e162cae8dd06ec21a?s=96&d=mm&r=g\",\"caption\":\"juho.pyorny@jci.fi\"},\"url\":\"https:\/\/jcjarvenpaa.fi\/en\/author\/juho-pyornyjci-fi\/\"}]}<\/script>\n<!-- \/ Yoast SEO plugin. -->","yoast_head_json":{"title":"Vuoden j\u00e4rvenp\u00e4\u00e4l\u00e4inen 2025 on v\u00e4litt\u00e4misen kulttuurin sanansaattaja Eero V\u00e4is\u00e4nen - J\u00e4rvenp\u00e4\u00e4n Seudun Nuorkauppakamari","description":"Vuoden j\u00e4rvenp\u00e4\u00e4l\u00e4inen Eero V\u00e4is\u00e4nen palkittiin J\u00e4rvenp\u00e4\u00e4n kaupungin itsen\u00e4isyysp\u00e4iv\u00e4juhlassa 6.12.2025.","robots":{"index":"index","follow":"follow","max-snippet":"max-snippet:-1","max-image-preview":"max-image-preview:large","max-video-preview":"max-video-preview:-1"},"canonical":"https:\/\/jcjarvenpaa.fi\/en\/2025\/12\/06\/vuoden-jarvenpaalainen-2025-on-valittamisen-kulttuurin-sanansaattaja-eero-vaisanen\/","og_locale":"en_GB","og_type":"article","og_title":"Vuoden j\u00e4rvenp\u00e4\u00e4l\u00e4inen 2025 on v\u00e4litt\u00e4misen kulttuurin sanansaattaja Eero V\u00e4is\u00e4nen - J\u00e4rvenp\u00e4\u00e4n Seudun Nuorkauppakamari","og_description":"Vuoden j\u00e4rvenp\u00e4\u00e4l\u00e4inen Eero V\u00e4is\u00e4nen palkittiin J\u00e4rvenp\u00e4\u00e4n kaupungin itsen\u00e4isyysp\u00e4iv\u00e4juhlassa 6.12.2025.","og_url":"https:\/\/jcjarvenpaa.fi\/en\/2025\/12\/06\/vuoden-jarvenpaalainen-2025-on-valittamisen-kulttuurin-sanansaattaja-eero-vaisanen\/","og_site_name":"J\u00e4rvenp\u00e4\u00e4n Seudun Nuorkauppakamari","article_published_time":"2025-12-06T19:18:03+00:00","og_image":[{"width":1345,"height":1894,"url":"http:\/\/jcjarvenpaa.fi\/wp-content\/uploads\/2025\/12\/Vuoden-jarvenpaalainen-2025.jpg","type":"image\/jpeg"}],"author":"juho.pyorny@jci.fi","twitter_card":"summary_large_image","twitter_misc":{"Written by":"juho.pyorny@jci.fi","Estimated reading time":"2 minutes"},"schema":{"@context":"https:\/\/schema.org","@graph":[{"@type":"Article","@id":"https:\/\/jcjarvenpaa.fi\/2025\/12\/06\/vuoden-jarvenpaalainen-2025-on-valittamisen-kulttuurin-sanansaattaja-eero-vaisanen\/#article","isPartOf":{"@id":"https:\/\/jcjarvenpaa.fi\/2025\/12\/06\/vuoden-jarvenpaalainen-2025-on-valittamisen-kulttuurin-sanansaattaja-eero-vaisanen\/"},"author":{"name":"juho.pyorny@jci.fi","@id":"https:\/\/jcjarvenpaa.fi\/#\/schema\/person\/becd4c50d26913961f5b2cbc6c290b99"},"headline":"Vuoden j\u00e4rvenp\u00e4\u00e4l\u00e4inen 2025 on v\u00e4litt\u00e4misen kulttuurin sanansaattaja Eero V\u00e4is\u00e4nen","datePublished":"2025-12-06T19:18:03+00:00","mainEntityOfPage":{"@id":"https:\/\/jcjarvenpaa.fi\/2025\/12\/06\/vuoden-jarvenpaalainen-2025-on-valittamisen-kulttuurin-sanansaattaja-eero-vaisanen\/"},"wordCount":450,"publisher":{"@id":"https:\/\/jcjarvenpaa.fi\/#organization"},"image":{"@id":"https:\/\/jcjarvenpaa.fi\/2025\/12\/06\/vuoden-jarvenpaalainen-2025-on-valittamisen-kulttuurin-sanansaattaja-eero-vaisanen\/#primaryimage"},"thumbnailUrl":"https:\/\/jcjarvenpaa.fi\/wp-content\/uploads\/2025\/12\/Vuoden-jarvenpaalainen-2025.jpg","articleSection":["projektit","Uutiset","Vuoden j\u00e4rvenp\u00e4\u00e4l\u00e4inen"],"inLanguage":"en-GB"},{"@type":"WebPage","@id":"https:\/\/jcjarvenpaa.fi\/2025\/12\/06\/vuoden-jarvenpaalainen-2025-on-valittamisen-kulttuurin-sanansaattaja-eero-vaisanen\/","url":"https:\/\/jcjarvenpaa.fi\/2025\/12\/06\/vuoden-jarvenpaalainen-2025-on-valittamisen-kulttuurin-sanansaattaja-eero-vaisanen\/","name":"Vuoden j\u00e4rvenp\u00e4\u00e4l\u00e4inen 2025 on v\u00e4litt\u00e4misen kulttuurin sanansaattaja Eero V\u00e4is\u00e4nen - J\u00e4rvenp\u00e4\u00e4n Seudun Nuorkauppakamari","isPartOf":{"@id":"https:\/\/jcjarvenpaa.fi\/#website"},"primaryImageOfPage":{"@id":"https:\/\/jcjarvenpaa.fi\/2025\/12\/06\/vuoden-jarvenpaalainen-2025-on-valittamisen-kulttuurin-sanansaattaja-eero-vaisanen\/#primaryimage"},"image":{"@id":"https:\/\/jcjarvenpaa.fi\/2025\/12\/06\/vuoden-jarvenpaalainen-2025-on-valittamisen-kulttuurin-sanansaattaja-eero-vaisanen\/#primaryimage"},"thumbnailUrl":"https:\/\/jcjarvenpaa.fi\/wp-content\/uploads\/2025\/12\/Vuoden-jarvenpaalainen-2025.jpg","datePublished":"2025-12-06T19:18:03+00:00","description":"Vuoden j\u00e4rvenp\u00e4\u00e4l\u00e4inen Eero V\u00e4is\u00e4nen palkittiin J\u00e4rvenp\u00e4\u00e4n kaupungin itsen\u00e4isyysp\u00e4iv\u00e4juhlassa 6.12.2025.","breadcrumb":{"@id":"https:\/\/jcjarvenpaa.fi\/2025\/12\/06\/vuoden-jarvenpaalainen-2025-on-valittamisen-kulttuurin-sanansaattaja-eero-vaisanen\/#breadcrumb"},"inLanguage":"en-GB","potentialAction":[{"@type":"ReadAction","target":["https:\/\/jcjarvenpaa.fi\/2025\/12\/06\/vuoden-jarvenpaalainen-2025-on-valittamisen-kulttuurin-sanansaattaja-eero-vaisanen\/"]}]},{"@type":"ImageObject","inLanguage":"en-GB","@id":"https:\/\/jcjarvenpaa.fi\/2025\/12\/06\/vuoden-jarvenpaalainen-2025-on-valittamisen-kulttuurin-sanansaattaja-eero-vaisanen\/#primaryimage","url":"https:\/\/jcjarvenpaa.fi\/wp-content\/uploads\/2025\/12\/Vuoden-jarvenpaalainen-2025.jpg","contentUrl":"https:\/\/jcjarvenpaa.fi\/wp-content\/uploads\/2025\/12\/Vuoden-jarvenpaalainen-2025.jpg","width":1345,"height":1894,"caption":"Vuoden j\u00e4rvenp\u00e4\u00e4l\u00e4inen 2025 Eero V\u00e4is\u00e4nen"},{"@type":"BreadcrumbList","@id":"https:\/\/jcjarvenpaa.fi\/2025\/12\/06\/vuoden-jarvenpaalainen-2025-on-valittamisen-kulttuurin-sanansaattaja-eero-vaisanen\/#breadcrumb","itemListElement":[{"@type":"ListItem","position":1,"name":"Home","item":"https:\/\/jcjarvenpaa.fi\/"},{"@type":"ListItem","position":2,"name":"Vuoden j\u00e4rvenp\u00e4\u00e4l\u00e4inen 2025 on v\u00e4litt\u00e4misen kulttuurin sanansaattaja Eero V\u00e4is\u00e4nen"}]},{"@type":"WebSite","@id":"https:\/\/jcjarvenpaa.fi\/#website","url":"https:\/\/jcjarvenpaa.fi\/","name":"J\u00e4rvenp\u00e4\u00e4n Seudun Nuorkauppakamari","description":"Be better","publisher":{"@id":"https:\/\/jcjarvenpaa.fi\/#organization"},"potentialAction":[{"@type":"SearchAction","target":{"@type":"EntryPoint","urlTemplate":"https:\/\/jcjarvenpaa.fi\/?s={search_term_string}"},"query-input":{"@type":"PropertyValueSpecification","valueRequired":true,"valueName":"search_term_string"}}],"inLanguage":"en-GB"},{"@type":"Organization","@id":"https:\/\/jcjarvenpaa.fi\/#organization","name":"J\u00e4rvenp\u00e4\u00e4n Seudun Nuorkauppakamari","url":"https:\/\/jcjarvenpaa.fi\/","logo":{"@type":"ImageObject","inLanguage":"en-GB","@id":"https:\/\/jcjarvenpaa.fi\/#\/schema\/logo\/image\/","url":"https:\/\/jcjarvenpaa.fi\/wp-content\/uploads\/2020\/05\/JCI-Ja\u0308rvenpa\u0308a\u0308.png","contentUrl":"https:\/\/jcjarvenpaa.fi\/wp-content\/uploads\/2020\/05\/JCI-Ja\u0308rvenpa\u0308a\u0308.png","width":1042,"height":474,"caption":"J\u00e4rvenp\u00e4\u00e4n Seudun Nuorkauppakamari"},"image":{"@id":"https:\/\/jcjarvenpaa.fi\/#\/schema\/logo\/image\/"}},{"@type":"Person","@id":"https:\/\/jcjarvenpaa.fi\/#\/schema\/person\/becd4c50d26913961f5b2cbc6c290b99","name":"juho.pyorny@jci.fi","image":{"@type":"ImageObject","inLanguage":"en-GB","@id":"https:\/\/jcjarvenpaa.fi\/#\/schema\/person\/image\/","url":"https:\/\/secure.gravatar.com\/avatar\/b660285ae2c8183bcaae744b6afd7e10856b5610be79be0e162cae8dd06ec21a?s=96&d=mm&r=g","contentUrl":"https:\/\/secure.gravatar.com\/avatar\/b660285ae2c8183bcaae744b6afd7e10856b5610be79be0e162cae8dd06ec21a?s=96&d=mm&r=g","caption":"juho.pyorny@jci.fi"},"url":"https:\/\/jcjarvenpaa.fi\/en\/author\/juho-pyornyjci-fi\/"}]}},"_links":{"self":[{"href":"https:\/\/jcjarvenpaa.fi\/en\/wp-json\/wp\/v2\/posts\/4563","targetHints":{"allow":["GET"]}}],"collection":[{"href":"https:\/\/jcjarvenpaa.fi\/en\/wp-json\/wp\/v2\/posts"}],"about":[{"href":"https:\/\/jcjarvenpaa.fi\/en\/wp-json\/wp\/v2\/types\/post"}],"author":[{"embeddable":true,"href":"https:\/\/jcjarvenpaa.fi\/en\/wp-json\/wp\/v2\/users\/46"}],"replies":[{"embeddable":true,"href":"https:\/\/jcjarvenpaa.fi\/en\/wp-json\/wp\/v2\/comments?post=4563"}],"version-history":[{"count":1,"href":"https:\/\/jcjarvenpaa.fi\/en\/wp-json\/wp\/v2\/posts\/4563\/revisions"}],"predecessor-version":[{"id":4566,"href":"https:\/\/jcjarvenpaa.fi\/en\/wp-json\/wp\/v2\/posts\/4563\/revisions\/4566"}],"wp:featuredmedia":[{"embeddable":true,"href":"https:\/\/jcjarvenpaa.fi\/en\/wp-json\/wp\/v2\/media\/4565"}],"wp:attachment":[{"href":"https:\/\/jcjarvenpaa.fi\/en\/wp-json\/wp\/v2\/media?parent=4563"}],"wp:term":[{"taxonomy":"category","embeddable":true,"href":"https:\/\/jcjarvenpaa.fi\/en\/wp-json\/wp\/v2\/categories?post=4563"},{"taxonomy":"post_tag","embeddable":true,"href":"https:\/\/jcjarvenpaa.fi\/en\/wp-json\/wp\/v2\/tags?post=4563"}],"curies":[{"name":"wp","href":"https:\/\/api.w.org\/{rel}","templated":true}]}}