{"id":4466,"date":"2025-02-12T21:50:47","date_gmt":"2025-02-12T19:50:47","guid":{"rendered":"https:\/\/jcjarvenpaa.fi\/?p=4466"},"modified":"2025-02-12T21:54:44","modified_gmt":"2025-02-12T19:54:44","slug":"puhekoulutus-2025","status":"publish","type":"post","link":"https:\/\/jcjarvenpaa.fi\/en\/2025\/02\/12\/puhekoulutus-2025\/","title":{"rendered":"Kaikille avoin puhekoulutus ja -kilpailu 25.2.2025 &#8211; ilmoittaudu mukaan!"},"content":{"rendered":"<div>Puhekoulutus j\u00e4rjestet\u00e4\u00e4n\u00a025.2. klo 17.00-18.30\u00a0Pub Artturin alakerrassa. Koulutus on kaikille 20-40-vuotiaille avoin. Nuorkauppakamarin j\u00e4senyytt\u00e4 ei vaadita.<\/div>\n<p>Kouluttajana puhekilpailuissakin\u00a0menestyst\u00e4 niitt\u00e4nyt\u00a0Viktor Andersson.\u00a0Ilmoittaudu 23.2. menness\u00e4 t\u00e4ll\u00e4 <a href=\"https:\/\/forms.office.com\/e\/fJhJBM47bC\">lomakkeella<\/a>.<\/p>\n<p>Ohjelma alkaa koulutuksella ja p\u00e4\u00e4ttyy vapaaehtoiseen puhekilpailuun. Arvioitu kokonaiskesto on 1,5 tuntia.<\/p>\n<p>Kilpailua voi j\u00e4\u00e4d\u00e4 seuraamaan vaikkei itse haluaisikaan osallistua. Kilpailussa valitaan J\u00e4rvenp\u00e4\u00e4n seudun nuorkauppakamarin j\u00e4senist\u00e4 kamarin edustaja aluevuosikokouksen puhekilpailuun.<\/p>\n<p><strong>Koulutuksesta saat muun muassa vinkkej\u00e4:\u00a0<\/strong><br \/>\n&#8211; puheen rakenteen ja sis\u00e4ll\u00f6n suunnitteluun<br \/>\n&#8211; puhetekniikkaan ja<br \/>\n&#8211; j\u00e4nnitt\u00e4miseen.<\/p>\n<p>Lis\u00e4ksi saat mahdollisuuden harjoitella puheen pit\u00e4mist\u00e4 ja saada siit\u00e4 palautetta!<\/p>\n<p><strong>Miten mukaan?<\/strong><br \/>\nKoulutus on ilmainen, mutta ennakkoilmoittautuminen vaaditaan, jotta tied\u00e4mme paljonko osallistujia on tulossa.<br \/>\nIlmoittaudu rohkeasti mukaan t\u00e4ll\u00e4 <a href=\"https:\/\/forms.office.com\/e\/fJhJBM47bC\">lomakkeella<\/a> ja tuo kaverisikin parantamaan puhetaitojaan!<\/p>\n<p>Jos sinulla on kysytt\u00e4v\u00e4\u00e4, laita viesti\u00e4 ind(\u00e4t)jcjarvenpaa.fi.<\/p>\n<p>L\u00e4mpim\u00e4sti tervetuloa mukaan!<\/p>\n<p>Ps. Voit tutustua my\u00f6s tutustua <a href=\"https:\/\/jcjarvenpaa.fi\/en\/koejasen\/\">koej\u00e4sentoimintaamme<\/a> ja <a href=\"https:\/\/jcjarvenpaa.fi\/en\/2025\/02\/04\/vuoden-2025-tapahtumat\/\">tapahtumakalenteriimme<\/a>!<\/p>","protected":false},"excerpt":{"rendered":"<p>Puhekoulutus j\u00e4rjestet\u00e4\u00e4n\u00a025.2. klo 17.00-18.30\u00a0Pub Artturin alakerrassa. Koulutus on kaikille 20-40-vuotiaille avoin. Nuorkauppakamarin j\u00e4senyytt\u00e4 ei vaadita. Kouluttajana puhekilpailuissakin\u00a0menestyst\u00e4 niitt\u00e4nyt\u00a0Viktor Andersson.\u00a0Ilmoittaudu 23.2. menness\u00e4 t\u00e4ll\u00e4 lomakkeella. Ohjelma alkaa koulutuksella ja p\u00e4\u00e4ttyy vapaaehtoiseen puhekilpailuun. Arvioitu kokonaiskesto on 1,5 tuntia. Kilpailua voi j\u00e4\u00e4d\u00e4 seuraamaan vaikkei itse haluaisikaan osallistua. Kilpailussa valitaan J\u00e4rvenp\u00e4\u00e4n seudun nuorkauppakamarin j\u00e4senist\u00e4 kamarin edustaja aluevuosikokouksen puhekilpailuun. Koulutuksesta saat [&hellip;]<\/p>","protected":false},"author":43,"featured_media":4467,"comment_status":"closed","ping_status":"open","sticky":false,"template":"","format":"standard","meta":{"site-sidebar-layout":"default","site-content-layout":"","ast-site-content-layout":"default","site-content-style":"default","site-sidebar-style":"default","ast-global-header-display":"","ast-banner-title-visibility":"","ast-main-header-display":"","ast-hfb-above-header-display":"","ast-hfb-below-header-display":"","ast-hfb-mobile-header-display":"","site-post-title":"","ast-breadcrumbs-content":"","ast-featured-img":"","footer-sml-layout":"","theme-transparent-header-meta":"default","adv-header-id-meta":"","stick-header-meta":"","header-above-stick-meta":"","header-main-stick-meta":"","header-below-stick-meta":"","astra-migrate-meta-layouts":"set","ast-page-background-enabled":"default","ast-page-background-meta":{"desktop":{"background-color":"","background-image":"","background-repeat":"repeat","background-position":"center center","background-size":"auto","background-attachment":"scroll","background-type":"","background-media":"","overlay-type":"","overlay-color":"","overlay-opacity":"","overlay-gradient":""},"tablet":{"background-color":"","background-image":"","background-repeat":"repeat","background-position":"center center","background-size":"auto","background-attachment":"scroll","background-type":"","background-media":"","overlay-type":"","overlay-color":"","overlay-opacity":"","overlay-gradient":""},"mobile":{"background-color":"","background-image":"","background-repeat":"repeat","background-position":"center center","background-size":"auto","background-attachment":"scroll","background-type":"","background-media":"","overlay-type":"","overlay-color":"","overlay-opacity":"","overlay-gradient":""}},"ast-content-background-meta":{"desktop":{"background-color":"var(--ast-global-color-5)","background-image":"","background-repeat":"repeat","background-position":"center center","background-size":"auto","background-attachment":"scroll","background-type":"","background-media":"","overlay-type":"","overlay-color":"","overlay-opacity":"","overlay-gradient":""},"tablet":{"background-color":"var(--ast-global-color-5)","background-image":"","background-repeat":"repeat","background-position":"center center","background-size":"auto","background-attachment":"scroll","background-type":"","background-media":"","overlay-type":"","overlay-color":"","overlay-opacity":"","overlay-gradient":""},"mobile":{"background-color":"var(--ast-global-color-5)","background-image":"","background-repeat":"repeat","background-position":"center center","background-size":"auto","background-attachment":"scroll","background-type":"","background-media":"","overlay-type":"","overlay-color":"","overlay-opacity":"","overlay-gradient":""}},"footnotes":""},"categories":[2],"tags":[161,29],"class_list":["post-4466","post","type-post","status-publish","format-standard","has-post-thumbnail","hentry","category-uutiset","tag-puhekilpailu","tag-tapahtumat"],"yoast_head":"<!-- This site is optimized with the Yoast SEO plugin v26.1.1 - https:\/\/yoast.com\/wordpress\/plugins\/seo\/ -->\n<title>Kaikille avoin puhekoulutus ja -kilpailu 25.2.2025 - ilmoittaudu mukaan! - J\u00e4rvenp\u00e4\u00e4n Seudun Nuorkauppakamari<\/title>\n<meta name=\"description\" content=\"Puhekoulutusta ilmaiseksi kaikille 20-40-vuotiaille 25.2.2025 J\u00e4rvenp\u00e4\u00e4ss\u00e4. J\u00e4rjest\u00e4j\u00e4 J\u00e4rvenp\u00e4\u00e4n seudun nuorkauppakamari.\" \/>\n<meta name=\"robots\" content=\"index, follow, max-snippet:-1, max-image-preview:large, max-video-preview:-1\" \/>\n<link rel=\"canonical\" href=\"https:\/\/jcjarvenpaa.fi\/en\/2025\/02\/12\/puhekoulutus-2025\/\" \/>\n<meta property=\"og:locale\" content=\"en_GB\" \/>\n<meta property=\"og:type\" content=\"article\" \/>\n<meta property=\"og:title\" content=\"Kaikille avoin puhekoulutus ja -kilpailu 25.2.2025 - ilmoittaudu mukaan! - J\u00e4rvenp\u00e4\u00e4n Seudun Nuorkauppakamari\" \/>\n<meta property=\"og:description\" content=\"Puhekoulutusta ilmaiseksi kaikille 20-40-vuotiaille 25.2.2025 J\u00e4rvenp\u00e4\u00e4ss\u00e4. J\u00e4rjest\u00e4j\u00e4 J\u00e4rvenp\u00e4\u00e4n seudun nuorkauppakamari.\" \/>\n<meta property=\"og:url\" content=\"https:\/\/jcjarvenpaa.fi\/en\/2025\/02\/12\/puhekoulutus-2025\/\" \/>\n<meta property=\"og:site_name\" content=\"J\u00e4rvenp\u00e4\u00e4n Seudun Nuorkauppakamari\" \/>\n<meta property=\"article:published_time\" content=\"2025-02-12T19:50:47+00:00\" \/>\n<meta property=\"article:modified_time\" content=\"2025-02-12T19:54:44+00:00\" \/>\n<meta property=\"og:image\" content=\"http:\/\/jcjarvenpaa.fi\/wp-content\/uploads\/2025\/02\/Vahvista-puhetaitojasi-ja-osallistu-puhekoulutukseen-25.3.-klo-17-1024x576.png\" \/>\n\t<meta property=\"og:image:width\" content=\"1024\" \/>\n\t<meta property=\"og:image:height\" content=\"576\" \/>\n\t<meta property=\"og:image:type\" content=\"image\/png\" \/>\n<meta name=\"author\" content=\"Elina\" \/>\n<meta name=\"twitter:card\" content=\"summary_large_image\" \/>\n<meta name=\"twitter:label1\" content=\"Written by\" \/>\n\t<meta name=\"twitter:data1\" content=\"Elina\" \/>\n\t<meta name=\"twitter:label2\" content=\"Estimated reading time\" \/>\n\t<meta name=\"twitter:data2\" content=\"1 minute\" \/>\n<script type=\"application\/ld+json\" class=\"yoast-schema-graph\">{\"@context\":\"https:\/\/schema.org\",\"@graph\":[{\"@type\":\"Article\",\"@id\":\"https:\/\/jcjarvenpaa.fi\/2025\/02\/12\/puhekoulutus-2025\/#article\",\"isPartOf\":{\"@id\":\"https:\/\/jcjarvenpaa.fi\/2025\/02\/12\/puhekoulutus-2025\/\"},\"author\":{\"name\":\"Elina\",\"@id\":\"https:\/\/jcjarvenpaa.fi\/#\/schema\/person\/6c3b6576d1da267ff6b4e2bd41e2385e\"},\"headline\":\"Kaikille avoin puhekoulutus ja -kilpailu 25.2.2025 &#8211; ilmoittaudu mukaan!\",\"datePublished\":\"2025-02-12T19:50:47+00:00\",\"dateModified\":\"2025-02-12T19:54:44+00:00\",\"mainEntityOfPage\":{\"@id\":\"https:\/\/jcjarvenpaa.fi\/2025\/02\/12\/puhekoulutus-2025\/\"},\"wordCount\":158,\"publisher\":{\"@id\":\"https:\/\/jcjarvenpaa.fi\/#organization\"},\"image\":{\"@id\":\"https:\/\/jcjarvenpaa.fi\/2025\/02\/12\/puhekoulutus-2025\/#primaryimage\"},\"thumbnailUrl\":\"https:\/\/jcjarvenpaa.fi\/wp-content\/uploads\/2025\/02\/Vahvista-puhetaitojasi-ja-osallistu-puhekoulutukseen-25.3.-klo-17.png\",\"keywords\":[\"puhekilpailu\",\"tapahtumat\"],\"articleSection\":[\"Uutiset\"],\"inLanguage\":\"en-GB\"},{\"@type\":\"WebPage\",\"@id\":\"https:\/\/jcjarvenpaa.fi\/2025\/02\/12\/puhekoulutus-2025\/\",\"url\":\"https:\/\/jcjarvenpaa.fi\/2025\/02\/12\/puhekoulutus-2025\/\",\"name\":\"Kaikille avoin puhekoulutus ja -kilpailu 25.2.2025 - ilmoittaudu mukaan! - J\u00e4rvenp\u00e4\u00e4n Seudun Nuorkauppakamari\",\"isPartOf\":{\"@id\":\"https:\/\/jcjarvenpaa.fi\/#website\"},\"primaryImageOfPage\":{\"@id\":\"https:\/\/jcjarvenpaa.fi\/2025\/02\/12\/puhekoulutus-2025\/#primaryimage\"},\"image\":{\"@id\":\"https:\/\/jcjarvenpaa.fi\/2025\/02\/12\/puhekoulutus-2025\/#primaryimage\"},\"thumbnailUrl\":\"https:\/\/jcjarvenpaa.fi\/wp-content\/uploads\/2025\/02\/Vahvista-puhetaitojasi-ja-osallistu-puhekoulutukseen-25.3.-klo-17.png\",\"datePublished\":\"2025-02-12T19:50:47+00:00\",\"dateModified\":\"2025-02-12T19:54:44+00:00\",\"description\":\"Puhekoulutusta ilmaiseksi kaikille 20-40-vuotiaille 25.2.2025 J\u00e4rvenp\u00e4\u00e4ss\u00e4. J\u00e4rjest\u00e4j\u00e4 J\u00e4rvenp\u00e4\u00e4n seudun nuorkauppakamari.\",\"breadcrumb\":{\"@id\":\"https:\/\/jcjarvenpaa.fi\/2025\/02\/12\/puhekoulutus-2025\/#breadcrumb\"},\"inLanguage\":\"en-GB\",\"potentialAction\":[{\"@type\":\"ReadAction\",\"target\":[\"https:\/\/jcjarvenpaa.fi\/2025\/02\/12\/puhekoulutus-2025\/\"]}]},{\"@type\":\"ImageObject\",\"inLanguage\":\"en-GB\",\"@id\":\"https:\/\/jcjarvenpaa.fi\/2025\/02\/12\/puhekoulutus-2025\/#primaryimage\",\"url\":\"https:\/\/jcjarvenpaa.fi\/wp-content\/uploads\/2025\/02\/Vahvista-puhetaitojasi-ja-osallistu-puhekoulutukseen-25.3.-klo-17.png\",\"contentUrl\":\"https:\/\/jcjarvenpaa.fi\/wp-content\/uploads\/2025\/02\/Vahvista-puhetaitojasi-ja-osallistu-puhekoulutukseen-25.3.-klo-17.png\",\"width\":1920,\"height\":1080},{\"@type\":\"BreadcrumbList\",\"@id\":\"https:\/\/jcjarvenpaa.fi\/2025\/02\/12\/puhekoulutus-2025\/#breadcrumb\",\"itemListElement\":[{\"@type\":\"ListItem\",\"position\":1,\"name\":\"Home\",\"item\":\"https:\/\/jcjarvenpaa.fi\/\"},{\"@type\":\"ListItem\",\"position\":2,\"name\":\"Kaikille avoin puhekoulutus ja -kilpailu 25.2.2025 &#8211; ilmoittaudu mukaan!\"}]},{\"@type\":\"WebSite\",\"@id\":\"https:\/\/jcjarvenpaa.fi\/#website\",\"url\":\"https:\/\/jcjarvenpaa.fi\/\",\"name\":\"J\u00e4rvenp\u00e4\u00e4n Seudun Nuorkauppakamari\",\"description\":\"Be better\",\"publisher\":{\"@id\":\"https:\/\/jcjarvenpaa.fi\/#organization\"},\"potentialAction\":[{\"@type\":\"SearchAction\",\"target\":{\"@type\":\"EntryPoint\",\"urlTemplate\":\"https:\/\/jcjarvenpaa.fi\/?s={search_term_string}\"},\"query-input\":{\"@type\":\"PropertyValueSpecification\",\"valueRequired\":true,\"valueName\":\"search_term_string\"}}],\"inLanguage\":\"en-GB\"},{\"@type\":\"Organization\",\"@id\":\"https:\/\/jcjarvenpaa.fi\/#organization\",\"name\":\"J\u00e4rvenp\u00e4\u00e4n Seudun Nuorkauppakamari\",\"url\":\"https:\/\/jcjarvenpaa.fi\/\",\"logo\":{\"@type\":\"ImageObject\",\"inLanguage\":\"en-GB\",\"@id\":\"https:\/\/jcjarvenpaa.fi\/#\/schema\/logo\/image\/\",\"url\":\"https:\/\/jcjarvenpaa.fi\/wp-content\/uploads\/2020\/05\/JCI-Ja\u0308rvenpa\u0308a\u0308.png\",\"contentUrl\":\"https:\/\/jcjarvenpaa.fi\/wp-content\/uploads\/2020\/05\/JCI-Ja\u0308rvenpa\u0308a\u0308.png\",\"width\":1042,\"height\":474,\"caption\":\"J\u00e4rvenp\u00e4\u00e4n Seudun Nuorkauppakamari\"},\"image\":{\"@id\":\"https:\/\/jcjarvenpaa.fi\/#\/schema\/logo\/image\/\"}},{\"@type\":\"Person\",\"@id\":\"https:\/\/jcjarvenpaa.fi\/#\/schema\/person\/6c3b6576d1da267ff6b4e2bd41e2385e\",\"name\":\"Elina\",\"image\":{\"@type\":\"ImageObject\",\"inLanguage\":\"en-GB\",\"@id\":\"https:\/\/jcjarvenpaa.fi\/#\/schema\/person\/image\/\",\"url\":\"https:\/\/secure.gravatar.com\/avatar\/237e88fb01102814a7fbe4102e48da28b9b2701c348e6e3f48c0db9773e873f6?s=96&d=mm&r=g\",\"contentUrl\":\"https:\/\/secure.gravatar.com\/avatar\/237e88fb01102814a7fbe4102e48da28b9b2701c348e6e3f48c0db9773e873f6?s=96&d=mm&r=g\",\"caption\":\"Elina\"},\"url\":\"https:\/\/jcjarvenpaa.fi\/en\/author\/elina-pirhonen\/\"}]}<\/script>\n<!-- \/ Yoast SEO plugin. -->","yoast_head_json":{"title":"Kaikille avoin puhekoulutus ja -kilpailu 25.2.2025 - ilmoittaudu mukaan! - J\u00e4rvenp\u00e4\u00e4n Seudun Nuorkauppakamari","description":"Puhekoulutusta ilmaiseksi kaikille 20-40-vuotiaille 25.2.2025 J\u00e4rvenp\u00e4\u00e4ss\u00e4. J\u00e4rjest\u00e4j\u00e4 J\u00e4rvenp\u00e4\u00e4n seudun nuorkauppakamari.","robots":{"index":"index","follow":"follow","max-snippet":"max-snippet:-1","max-image-preview":"max-image-preview:large","max-video-preview":"max-video-preview:-1"},"canonical":"https:\/\/jcjarvenpaa.fi\/en\/2025\/02\/12\/puhekoulutus-2025\/","og_locale":"en_GB","og_type":"article","og_title":"Kaikille avoin puhekoulutus ja -kilpailu 25.2.2025 - ilmoittaudu mukaan! - J\u00e4rvenp\u00e4\u00e4n Seudun Nuorkauppakamari","og_description":"Puhekoulutusta ilmaiseksi kaikille 20-40-vuotiaille 25.2.2025 J\u00e4rvenp\u00e4\u00e4ss\u00e4. J\u00e4rjest\u00e4j\u00e4 J\u00e4rvenp\u00e4\u00e4n seudun nuorkauppakamari.","og_url":"https:\/\/jcjarvenpaa.fi\/en\/2025\/02\/12\/puhekoulutus-2025\/","og_site_name":"J\u00e4rvenp\u00e4\u00e4n Seudun Nuorkauppakamari","article_published_time":"2025-02-12T19:50:47+00:00","article_modified_time":"2025-02-12T19:54:44+00:00","og_image":[{"width":1024,"height":576,"url":"http:\/\/jcjarvenpaa.fi\/wp-content\/uploads\/2025\/02\/Vahvista-puhetaitojasi-ja-osallistu-puhekoulutukseen-25.3.-klo-17-1024x576.png","type":"image\/png"}],"author":"Elina","twitter_card":"summary_large_image","twitter_misc":{"Written by":"Elina","Estimated reading time":"1 minute"},"schema":{"@context":"https:\/\/schema.org","@graph":[{"@type":"Article","@id":"https:\/\/jcjarvenpaa.fi\/2025\/02\/12\/puhekoulutus-2025\/#article","isPartOf":{"@id":"https:\/\/jcjarvenpaa.fi\/2025\/02\/12\/puhekoulutus-2025\/"},"author":{"name":"Elina","@id":"https:\/\/jcjarvenpaa.fi\/#\/schema\/person\/6c3b6576d1da267ff6b4e2bd41e2385e"},"headline":"Kaikille avoin puhekoulutus ja -kilpailu 25.2.2025 &#8211; ilmoittaudu mukaan!","datePublished":"2025-02-12T19:50:47+00:00","dateModified":"2025-02-12T19:54:44+00:00","mainEntityOfPage":{"@id":"https:\/\/jcjarvenpaa.fi\/2025\/02\/12\/puhekoulutus-2025\/"},"wordCount":158,"publisher":{"@id":"https:\/\/jcjarvenpaa.fi\/#organization"},"image":{"@id":"https:\/\/jcjarvenpaa.fi\/2025\/02\/12\/puhekoulutus-2025\/#primaryimage"},"thumbnailUrl":"https:\/\/jcjarvenpaa.fi\/wp-content\/uploads\/2025\/02\/Vahvista-puhetaitojasi-ja-osallistu-puhekoulutukseen-25.3.-klo-17.png","keywords":["puhekilpailu","tapahtumat"],"articleSection":["Uutiset"],"inLanguage":"en-GB"},{"@type":"WebPage","@id":"https:\/\/jcjarvenpaa.fi\/2025\/02\/12\/puhekoulutus-2025\/","url":"https:\/\/jcjarvenpaa.fi\/2025\/02\/12\/puhekoulutus-2025\/","name":"Kaikille avoin puhekoulutus ja -kilpailu 25.2.2025 - ilmoittaudu mukaan! - J\u00e4rvenp\u00e4\u00e4n Seudun Nuorkauppakamari","isPartOf":{"@id":"https:\/\/jcjarvenpaa.fi\/#website"},"primaryImageOfPage":{"@id":"https:\/\/jcjarvenpaa.fi\/2025\/02\/12\/puhekoulutus-2025\/#primaryimage"},"image":{"@id":"https:\/\/jcjarvenpaa.fi\/2025\/02\/12\/puhekoulutus-2025\/#primaryimage"},"thumbnailUrl":"https:\/\/jcjarvenpaa.fi\/wp-content\/uploads\/2025\/02\/Vahvista-puhetaitojasi-ja-osallistu-puhekoulutukseen-25.3.-klo-17.png","datePublished":"2025-02-12T19:50:47+00:00","dateModified":"2025-02-12T19:54:44+00:00","description":"Puhekoulutusta ilmaiseksi kaikille 20-40-vuotiaille 25.2.2025 J\u00e4rvenp\u00e4\u00e4ss\u00e4. J\u00e4rjest\u00e4j\u00e4 J\u00e4rvenp\u00e4\u00e4n seudun nuorkauppakamari.","breadcrumb":{"@id":"https:\/\/jcjarvenpaa.fi\/2025\/02\/12\/puhekoulutus-2025\/#breadcrumb"},"inLanguage":"en-GB","potentialAction":[{"@type":"ReadAction","target":["https:\/\/jcjarvenpaa.fi\/2025\/02\/12\/puhekoulutus-2025\/"]}]},{"@type":"ImageObject","inLanguage":"en-GB","@id":"https:\/\/jcjarvenpaa.fi\/2025\/02\/12\/puhekoulutus-2025\/#primaryimage","url":"https:\/\/jcjarvenpaa.fi\/wp-content\/uploads\/2025\/02\/Vahvista-puhetaitojasi-ja-osallistu-puhekoulutukseen-25.3.-klo-17.png","contentUrl":"https:\/\/jcjarvenpaa.fi\/wp-content\/uploads\/2025\/02\/Vahvista-puhetaitojasi-ja-osallistu-puhekoulutukseen-25.3.-klo-17.png","width":1920,"height":1080},{"@type":"BreadcrumbList","@id":"https:\/\/jcjarvenpaa.fi\/2025\/02\/12\/puhekoulutus-2025\/#breadcrumb","itemListElement":[{"@type":"ListItem","position":1,"name":"Home","item":"https:\/\/jcjarvenpaa.fi\/"},{"@type":"ListItem","position":2,"name":"Kaikille avoin puhekoulutus ja -kilpailu 25.2.2025 &#8211; ilmoittaudu mukaan!"}]},{"@type":"WebSite","@id":"https:\/\/jcjarvenpaa.fi\/#website","url":"https:\/\/jcjarvenpaa.fi\/","name":"J\u00e4rvenp\u00e4\u00e4n Seudun Nuorkauppakamari","description":"Be better","publisher":{"@id":"https:\/\/jcjarvenpaa.fi\/#organization"},"potentialAction":[{"@type":"SearchAction","target":{"@type":"EntryPoint","urlTemplate":"https:\/\/jcjarvenpaa.fi\/?s={search_term_string}"},"query-input":{"@type":"PropertyValueSpecification","valueRequired":true,"valueName":"search_term_string"}}],"inLanguage":"en-GB"},{"@type":"Organization","@id":"https:\/\/jcjarvenpaa.fi\/#organization","name":"J\u00e4rvenp\u00e4\u00e4n Seudun Nuorkauppakamari","url":"https:\/\/jcjarvenpaa.fi\/","logo":{"@type":"ImageObject","inLanguage":"en-GB","@id":"https:\/\/jcjarvenpaa.fi\/#\/schema\/logo\/image\/","url":"https:\/\/jcjarvenpaa.fi\/wp-content\/uploads\/2020\/05\/JCI-Ja\u0308rvenpa\u0308a\u0308.png","contentUrl":"https:\/\/jcjarvenpaa.fi\/wp-content\/uploads\/2020\/05\/JCI-Ja\u0308rvenpa\u0308a\u0308.png","width":1042,"height":474,"caption":"J\u00e4rvenp\u00e4\u00e4n Seudun Nuorkauppakamari"},"image":{"@id":"https:\/\/jcjarvenpaa.fi\/#\/schema\/logo\/image\/"}},{"@type":"Person","@id":"https:\/\/jcjarvenpaa.fi\/#\/schema\/person\/6c3b6576d1da267ff6b4e2bd41e2385e","name":"Elina","image":{"@type":"ImageObject","inLanguage":"en-GB","@id":"https:\/\/jcjarvenpaa.fi\/#\/schema\/person\/image\/","url":"https:\/\/secure.gravatar.com\/avatar\/237e88fb01102814a7fbe4102e48da28b9b2701c348e6e3f48c0db9773e873f6?s=96&d=mm&r=g","contentUrl":"https:\/\/secure.gravatar.com\/avatar\/237e88fb01102814a7fbe4102e48da28b9b2701c348e6e3f48c0db9773e873f6?s=96&d=mm&r=g","caption":"Elina"},"url":"https:\/\/jcjarvenpaa.fi\/en\/author\/elina-pirhonen\/"}]}},"_links":{"self":[{"href":"https:\/\/jcjarvenpaa.fi\/en\/wp-json\/wp\/v2\/posts\/4466","targetHints":{"allow":["GET"]}}],"collection":[{"href":"https:\/\/jcjarvenpaa.fi\/en\/wp-json\/wp\/v2\/posts"}],"about":[{"href":"https:\/\/jcjarvenpaa.fi\/en\/wp-json\/wp\/v2\/types\/post"}],"author":[{"embeddable":true,"href":"https:\/\/jcjarvenpaa.fi\/en\/wp-json\/wp\/v2\/users\/43"}],"replies":[{"embeddable":true,"href":"https:\/\/jcjarvenpaa.fi\/en\/wp-json\/wp\/v2\/comments?post=4466"}],"version-history":[{"count":3,"href":"https:\/\/jcjarvenpaa.fi\/en\/wp-json\/wp\/v2\/posts\/4466\/revisions"}],"predecessor-version":[{"id":4471,"href":"https:\/\/jcjarvenpaa.fi\/en\/wp-json\/wp\/v2\/posts\/4466\/revisions\/4471"}],"wp:featuredmedia":[{"embeddable":true,"href":"https:\/\/jcjarvenpaa.fi\/en\/wp-json\/wp\/v2\/media\/4467"}],"wp:attachment":[{"href":"https:\/\/jcjarvenpaa.fi\/en\/wp-json\/wp\/v2\/media?parent=4466"}],"wp:term":[{"taxonomy":"category","embeddable":true,"href":"https:\/\/jcjarvenpaa.fi\/en\/wp-json\/wp\/v2\/categories?post=4466"},{"taxonomy":"post_tag","embeddable":true,"href":"https:\/\/jcjarvenpaa.fi\/en\/wp-json\/wp\/v2\/tags?post=4466"}],"curies":[{"name":"wp","href":"https:\/\/api.w.org\/{rel}","templated":true}]}}