{"id":4167,"date":"2024-10-14T10:03:24","date_gmt":"2024-10-14T07:03:24","guid":{"rendered":"https:\/\/jcjarvenpaa.fi\/?p=4167"},"modified":"2024-10-17T12:45:05","modified_gmt":"2024-10-17T09:45:05","slug":"paiva-johtajana","status":"publish","type":"post","link":"https:\/\/jcjarvenpaa.fi\/en\/2024\/10\/14\/paiva-johtajana\/","title":{"rendered":"P\u00e4iv\u00e4 johtajana"},"content":{"rendered":"<div data-ogsc=\"rgb(0, 0, 0)\">Mit\u00e4 johtajan ty\u00f6p\u00e4iv\u00e4\u00e4n sis\u00e4ltyy? Mitk\u00e4 ovat johtajalle t\u00e4rkeit\u00e4 ominaisuuksia? Ja miten liiketoimintap\u00e4\u00e4t\u00f6kset syntyv\u00e4t?<\/div>\n<div data-ogsc=\"rgb(0, 0, 0)\"><\/div>\n<p>&nbsp;<\/p>\n<div data-ogsc=\"rgb(0, 0, 0)\">Muun muassa n\u00e4iden teemojen parissa oikeustradenomiopiskelija <strong>Nea Maaninen<\/strong> p\u00e4\u00e4si k\u00e4ym\u00e4\u00e4n useita mielenkiintoisia keskusteluja J\u00e4rvenp\u00e4\u00e4n kaupungin Yritys- ja elinkeinostrategian ohjelmap\u00e4\u00e4llikk\u00f6 <strong>Heikki H\u00e4yh\u00e4n<\/strong> kanssa P\u00e4iv\u00e4 johtajana -p\u00e4iv\u00e4n aikana. Nea ja Heikki jakoivat lokakuun alussa J\u00e4rvenp\u00e4\u00e4n Seudun Nuorkauppakamarin (JSNKK:n) ja J\u00e4rvenp\u00e4\u00e4n kaupungin yhteisty\u00f6ss\u00e4 j\u00e4rjest\u00e4m\u00e4ss\u00e4 P\u00e4iv\u00e4 Johtajana -p\u00e4iv\u00e4n aikana yhden aivan tavallisen ty\u00f6p\u00e4iv\u00e4n.<\/div>\n<div data-ogsc=\"rgb(0, 0, 0)\"><\/div>\n<div data-ogsc=\"rgb(0, 0, 0)\"><\/div>\n<div data-ogsc=\"rgb(0, 0, 0)\">\n<\/p>\n<div data-ogsc=\"rgb(0, 0, 0)\">P\u00e4iv\u00e4\u00e4n sis\u00e4ltyi useita yhteisty\u00f6kumppanitapaamisia paikallisten yritysten kanssa yritystoiminnan tukemiseen liittyen sek\u00e4 lukuisia keskusteluja johtajuudesta ja yritystoiminnan kehitt\u00e4misest\u00e4. Nea kertookin p\u00e4iv\u00e4n konkretisoineen monia tradenomiopinnoissa opittuja teorioita ja havainnollistaneen, mist\u00e4 johtajuuden haasteet ja onnistumiset koostuvat.<\/div>\n<div data-ogsc=\"rgb(0, 0, 0)\"><\/div>\n<blockquote>\n<div data-ogsc=\"rgb(0, 0, 0)\">P\u00e4iv\u00e4n parasta antia olivat keskustelut Heikin kanssa johtajuuden merkityksest\u00e4 ja ajatusmaailmoistamme. Kehitykselle on aina tilaa ja heitt\u00e4ytymiskyky kantaa pitk\u00e4lle niin johtajuudessa kuin el\u00e4m\u00e4ss\u00e4 muutenkin, kertoo Nea p\u00e4\u00e4llimm\u00e4isin\u00e4 ajatuksinaan yhteisest\u00e4 p\u00e4iv\u00e4st\u00e4.<\/div>\n<\/blockquote>\n<\/div>\n<div data-ogsc=\"rgb(0, 0, 0)\"><\/div>\n<p>&nbsp;<\/p>\n<div data-ogsc=\"rgb(0, 0, 0)\">\n<div data-ogsc=\"rgb(0, 0, 0)\">P\u00e4iv\u00e4n aikana yhteisty\u00f6kumppaneiden tapaamiset k\u00e4sitteliv\u00e4t kasvuyritysten kansainv\u00e4listymist\u00e4, liikkumisdatan hy\u00f6dynt\u00e4mist\u00e4 J\u00e4rvenp\u00e4\u00e4n keskustan kehitt\u00e4misess\u00e4 sek\u00e4 hyvinvoinnin merkityst\u00e4 ja hyvinvointi-innovaatioiden hy\u00f6dynt\u00e4mist\u00e4 kaupunkisuunnittelussa. Yhteisty\u00f6kumppanitapaamisten lis\u00e4ksi Nea ja Heikki tapasivat kaupunginjohtaja\u00a0<b>Iiris Laukkasen<\/b> sek\u00e4 osan Kaupunkikehityksen palvelualueen johtoryhm\u00e4st\u00e4 sek\u00e4 osallistuivat yrityskirjan julkistustilaisuuteen.<\/div>\n<\/div>\n<div data-ogsc=\"rgb(0, 0, 0)\">\n<\/p>\n<div data-ogsc=\"rgb(0, 0, 0)\">Johtajuudesta ajatuksia vaihdettiin useista erin\u00e4k\u00f6kulmista; muun muassa strategiseen ajatteluun ja p\u00e4\u00e4t\u00f6ksentekoon liittyen, oman hyvinvoinnin ja ajanhallinnan t\u00e4rkeyteen, l\u00e4sn\u00e4oloon ja vuorovaikutustaitojen merkitykseen liittyen sek\u00e4 johtajan roolista ty\u00f6yhteis\u00f6n j\u00e4senen\u00e4 ja organisaatiokulttuurin suunnann\u00e4ytt\u00e4j\u00e4n\u00e4.<\/div>\n<\/div>\n<blockquote>\n<div data-ogsc=\"rgb(0, 0, 0)\">Opin, ett\u00e4 johtajana on t\u00e4rke\u00e4\u00e4 pit\u00e4\u00e4 huolta itsest\u00e4\u00e4n sek\u00e4 henkisesti ett\u00e4 fyysisesti, jotta pystyy antamaan itsest\u00e4\u00e4n parasta tiimille. Itsens\u00e4 johtaminen onkin johtamisessa kantava ominaisuus. P\u00e4\u00e4t\u00f6ksi\u00e4 pit\u00e4\u00e4 pysty\u00e4 tekem\u00e4\u00e4n nopeastikin ja rajallisilla tiedoilla. Onnistuakseen johtajana, johtajan on pystytt\u00e4v\u00e4 olemaan l\u00e4sn\u00e4 sek\u00e4 tiimilleen ett\u00e4 yhteisty\u00f6kumppaneiden verkostolle. Johtajalla on suuri vaikutus organisaatiokulttuuriin &#8211; johtajan tapa toimia ja viesti\u00e4 heijastuu suoraan organisaation ty\u00f6ilmapiiriin ja arvoihin, ja t\u00e4m\u00e4 vaikuttaa merkitt\u00e4v\u00e4sti tiimin motivaatioon ja ty\u00f6h\u00f6n. On t\u00e4rke\u00e4\u00e4, ett\u00e4 johtajana muistaa pit\u00e4\u00e4 mielen uteliaana ja on mukautuvainen erilaisiin tilanteisiin, koska tilanteet voivat muuttua nopeastikin, jolloin toimintaa t\u00e4ytyy muuttaa tilanteiden mukaisesti, Nea pohtii p\u00e4iv\u00e4n p\u00e4\u00e4tteeksi.<\/div>\n<\/blockquote>\n<div data-ogsc=\"rgb(0, 0, 0)\">Kaiken kaikkiaan p\u00e4iv\u00e4 oli todella antoisa molemmin puolin &#8211; kuultuaan mahdollisuudesta ottaa nuori seuraamaan johtamisty\u00f6t\u00e4 p\u00e4iv\u00e4n ajaksi Heikki kertoo, ettei ep\u00e4r\u00f6inyt hetke\u00e4k\u00e4\u00e4n tarttua tilaisuuteen.:<\/div>\n<blockquote>\n<div data-ogsc=\"rgb(0, 0, 0)\">Juuri t\u00e4llaisia mahdollisuuksia kaipasin itsekin opiskeluaikoina, joten on hienoa p\u00e4\u00e4st\u00e4 mahdollistamaan t\u00e4llainen p\u00e4iv\u00e4 nuorelle opiskelijalle. Nean kiinnostus ja heitt\u00e4ytyminen p\u00e4iv\u00e4n aikana yll\u00e4tti positiivisesti. Vietimme monipuolisen p\u00e4iv\u00e4n, jonka aikana Nea sai varmasti hyv\u00e4n k\u00e4sityksen siit\u00e4, mit\u00e4 ty\u00f6p\u00e4iv\u00e4t pit\u00e4v\u00e4t sis\u00e4ll\u00e4\u00e4n \u2013 aiheet toki p\u00e4ivitt\u00e4in vaihtuvat.<\/div>\n<\/blockquote>\n<div data-ogsc=\"rgb(0, 0, 0)\"><\/div>\n<p>&nbsp;<\/p>\n<div data-ogsc=\"rgb(0, 0, 0)\">Kirjoittaja: Essi Niittynen, COM 2024<\/div>","protected":false},"excerpt":{"rendered":"<p>Mit\u00e4 johtajan ty\u00f6p\u00e4iv\u00e4\u00e4n sis\u00e4ltyy? Mitk\u00e4 ovat johtajalle t\u00e4rkeit\u00e4 ominaisuuksia? Ja miten liiketoimintap\u00e4\u00e4t\u00f6kset syntyv\u00e4t? &nbsp; Muun muassa n\u00e4iden teemojen parissa oikeustradenomiopiskelija Nea Maaninen p\u00e4\u00e4si k\u00e4ym\u00e4\u00e4n useita mielenkiintoisia keskusteluja J\u00e4rvenp\u00e4\u00e4n kaupungin Yritys- ja elinkeinostrategian ohjelmap\u00e4\u00e4llikk\u00f6 Heikki H\u00e4yh\u00e4n kanssa P\u00e4iv\u00e4 johtajana -p\u00e4iv\u00e4n aikana. Nea ja Heikki jakoivat lokakuun alussa J\u00e4rvenp\u00e4\u00e4n Seudun Nuorkauppakamarin (JSNKK:n) ja J\u00e4rvenp\u00e4\u00e4n kaupungin yhteisty\u00f6ss\u00e4 j\u00e4rjest\u00e4m\u00e4ss\u00e4 [&hellip;]<\/p>","protected":false},"author":41,"featured_media":4168,"comment_status":"closed","ping_status":"open","sticky":false,"template":"","format":"standard","meta":{"site-sidebar-layout":"default","site-content-layout":"","ast-site-content-layout":"default","site-content-style":"default","site-sidebar-style":"default","ast-global-header-display":"","ast-banner-title-visibility":"","ast-main-header-display":"","ast-hfb-above-header-display":"","ast-hfb-below-header-display":"","ast-hfb-mobile-header-display":"","site-post-title":"","ast-breadcrumbs-content":"","ast-featured-img":"","footer-sml-layout":"","theme-transparent-header-meta":"default","adv-header-id-meta":"","stick-header-meta":"","header-above-stick-meta":"","header-main-stick-meta":"","header-below-stick-meta":"","astra-migrate-meta-layouts":"set","ast-page-background-enabled":"default","ast-page-background-meta":{"desktop":{"background-color":"","background-image":"","background-repeat":"repeat","background-position":"center center","background-size":"auto","background-attachment":"scroll","background-type":"","background-media":"","overlay-type":"","overlay-color":"","overlay-opacity":"","overlay-gradient":""},"tablet":{"background-color":"","background-image":"","background-repeat":"repeat","background-position":"center center","background-size":"auto","background-attachment":"scroll","background-type":"","background-media":"","overlay-type":"","overlay-color":"","overlay-opacity":"","overlay-gradient":""},"mobile":{"background-color":"","background-image":"","background-repeat":"repeat","background-position":"center center","background-size":"auto","background-attachment":"scroll","background-type":"","background-media":"","overlay-type":"","overlay-color":"","overlay-opacity":"","overlay-gradient":""}},"ast-content-background-meta":{"desktop":{"background-color":"var(--ast-global-color-5)","background-image":"","background-repeat":"repeat","background-position":"center center","background-size":"auto","background-attachment":"scroll","background-type":"","background-media":"","overlay-type":"","overlay-color":"","overlay-opacity":"","overlay-gradient":""},"tablet":{"background-color":"var(--ast-global-color-5)","background-image":"","background-repeat":"repeat","background-position":"center center","background-size":"auto","background-attachment":"scroll","background-type":"","background-media":"","overlay-type":"","overlay-color":"","overlay-opacity":"","overlay-gradient":""},"mobile":{"background-color":"var(--ast-global-color-5)","background-image":"","background-repeat":"repeat","background-position":"center center","background-size":"auto","background-attachment":"scroll","background-type":"","background-media":"","overlay-type":"","overlay-color":"","overlay-opacity":"","overlay-gradient":""}},"footnotes":""},"categories":[2],"tags":[],"class_list":["post-4167","post","type-post","status-publish","format-standard","has-post-thumbnail","hentry","category-uutiset"],"yoast_head":"<!-- This site is optimized with the Yoast SEO plugin v26.1.1 - https:\/\/yoast.com\/wordpress\/plugins\/seo\/ -->\n<title>P\u00e4iv\u00e4 johtajana - J\u00e4rvenp\u00e4\u00e4n Seudun Nuorkauppakamari<\/title>\n<meta name=\"robots\" content=\"index, follow, max-snippet:-1, max-image-preview:large, max-video-preview:-1\" \/>\n<link rel=\"canonical\" href=\"https:\/\/jcjarvenpaa.fi\/en\/2024\/10\/14\/paiva-johtajana\/\" \/>\n<meta property=\"og:locale\" content=\"en_GB\" \/>\n<meta property=\"og:type\" content=\"article\" \/>\n<meta property=\"og:title\" content=\"P\u00e4iv\u00e4 johtajana - J\u00e4rvenp\u00e4\u00e4n Seudun Nuorkauppakamari\" \/>\n<meta property=\"og:description\" content=\"Mit\u00e4 johtajan ty\u00f6p\u00e4iv\u00e4\u00e4n sis\u00e4ltyy? Mitk\u00e4 ovat johtajalle t\u00e4rkeit\u00e4 ominaisuuksia? Ja miten liiketoimintap\u00e4\u00e4t\u00f6kset syntyv\u00e4t? &nbsp; Muun muassa n\u00e4iden teemojen parissa oikeustradenomiopiskelija Nea Maaninen p\u00e4\u00e4si k\u00e4ym\u00e4\u00e4n useita mielenkiintoisia keskusteluja J\u00e4rvenp\u00e4\u00e4n kaupungin Yritys- ja elinkeinostrategian ohjelmap\u00e4\u00e4llikk\u00f6 Heikki H\u00e4yh\u00e4n kanssa P\u00e4iv\u00e4 johtajana -p\u00e4iv\u00e4n aikana. Nea ja Heikki jakoivat lokakuun alussa J\u00e4rvenp\u00e4\u00e4n Seudun Nuorkauppakamarin (JSNKK:n) ja J\u00e4rvenp\u00e4\u00e4n kaupungin yhteisty\u00f6ss\u00e4 j\u00e4rjest\u00e4m\u00e4ss\u00e4 [&hellip;]\" \/>\n<meta property=\"og:url\" content=\"https:\/\/jcjarvenpaa.fi\/en\/2024\/10\/14\/paiva-johtajana\/\" \/>\n<meta property=\"og:site_name\" content=\"J\u00e4rvenp\u00e4\u00e4n Seudun Nuorkauppakamari\" \/>\n<meta property=\"article:published_time\" content=\"2024-10-14T07:03:24+00:00\" \/>\n<meta property=\"article:modified_time\" content=\"2024-10-17T09:45:05+00:00\" \/>\n<meta property=\"og:image\" content=\"http:\/\/jcjarvenpaa.fi\/wp-content\/uploads\/2024\/10\/1000003798-scaled.jpg\" \/>\n\t<meta property=\"og:image:width\" content=\"2560\" \/>\n\t<meta property=\"og:image:height\" content=\"1748\" \/>\n\t<meta property=\"og:image:type\" content=\"image\/jpeg\" \/>\n<meta name=\"author\" content=\"JERE\" \/>\n<meta name=\"twitter:card\" content=\"summary_large_image\" \/>\n<meta name=\"twitter:label1\" content=\"Written by\" \/>\n\t<meta name=\"twitter:data1\" content=\"JERE\" \/>\n\t<meta name=\"twitter:label2\" content=\"Estimated reading time\" \/>\n\t<meta name=\"twitter:data2\" content=\"2 minutes\" \/>\n<script type=\"application\/ld+json\" class=\"yoast-schema-graph\">{\"@context\":\"https:\/\/schema.org\",\"@graph\":[{\"@type\":\"Article\",\"@id\":\"https:\/\/jcjarvenpaa.fi\/2024\/10\/14\/paiva-johtajana\/#article\",\"isPartOf\":{\"@id\":\"https:\/\/jcjarvenpaa.fi\/2024\/10\/14\/paiva-johtajana\/\"},\"author\":{\"name\":\"JERE\",\"@id\":\"https:\/\/jcjarvenpaa.fi\/#\/schema\/person\/c64d4485e1da0b5f6ef9edd85800d4fd\"},\"headline\":\"P\u00e4iv\u00e4 johtajana\",\"datePublished\":\"2024-10-14T07:03:24+00:00\",\"dateModified\":\"2024-10-17T09:45:05+00:00\",\"mainEntityOfPage\":{\"@id\":\"https:\/\/jcjarvenpaa.fi\/2024\/10\/14\/paiva-johtajana\/\"},\"wordCount\":495,\"publisher\":{\"@id\":\"https:\/\/jcjarvenpaa.fi\/#organization\"},\"image\":{\"@id\":\"https:\/\/jcjarvenpaa.fi\/2024\/10\/14\/paiva-johtajana\/#primaryimage\"},\"thumbnailUrl\":\"https:\/\/jcjarvenpaa.fi\/wp-content\/uploads\/2024\/10\/1000003798-scaled.jpg\",\"articleSection\":[\"Uutiset\"],\"inLanguage\":\"en-GB\"},{\"@type\":\"WebPage\",\"@id\":\"https:\/\/jcjarvenpaa.fi\/2024\/10\/14\/paiva-johtajana\/\",\"url\":\"https:\/\/jcjarvenpaa.fi\/2024\/10\/14\/paiva-johtajana\/\",\"name\":\"P\u00e4iv\u00e4 johtajana - J\u00e4rvenp\u00e4\u00e4n Seudun Nuorkauppakamari\",\"isPartOf\":{\"@id\":\"https:\/\/jcjarvenpaa.fi\/#website\"},\"primaryImageOfPage\":{\"@id\":\"https:\/\/jcjarvenpaa.fi\/2024\/10\/14\/paiva-johtajana\/#primaryimage\"},\"image\":{\"@id\":\"https:\/\/jcjarvenpaa.fi\/2024\/10\/14\/paiva-johtajana\/#primaryimage\"},\"thumbnailUrl\":\"https:\/\/jcjarvenpaa.fi\/wp-content\/uploads\/2024\/10\/1000003798-scaled.jpg\",\"datePublished\":\"2024-10-14T07:03:24+00:00\",\"dateModified\":\"2024-10-17T09:45:05+00:00\",\"breadcrumb\":{\"@id\":\"https:\/\/jcjarvenpaa.fi\/2024\/10\/14\/paiva-johtajana\/#breadcrumb\"},\"inLanguage\":\"en-GB\",\"potentialAction\":[{\"@type\":\"ReadAction\",\"target\":[\"https:\/\/jcjarvenpaa.fi\/2024\/10\/14\/paiva-johtajana\/\"]}]},{\"@type\":\"ImageObject\",\"inLanguage\":\"en-GB\",\"@id\":\"https:\/\/jcjarvenpaa.fi\/2024\/10\/14\/paiva-johtajana\/#primaryimage\",\"url\":\"https:\/\/jcjarvenpaa.fi\/wp-content\/uploads\/2024\/10\/1000003798-scaled.jpg\",\"contentUrl\":\"https:\/\/jcjarvenpaa.fi\/wp-content\/uploads\/2024\/10\/1000003798-scaled.jpg\",\"width\":2560,\"height\":1748,\"caption\":\"Heikki H\u00e4yh\u00e4 ja Nea Maaninen\"},{\"@type\":\"BreadcrumbList\",\"@id\":\"https:\/\/jcjarvenpaa.fi\/2024\/10\/14\/paiva-johtajana\/#breadcrumb\",\"itemListElement\":[{\"@type\":\"ListItem\",\"position\":1,\"name\":\"Home\",\"item\":\"https:\/\/jcjarvenpaa.fi\/\"},{\"@type\":\"ListItem\",\"position\":2,\"name\":\"P\u00e4iv\u00e4 johtajana\"}]},{\"@type\":\"WebSite\",\"@id\":\"https:\/\/jcjarvenpaa.fi\/#website\",\"url\":\"https:\/\/jcjarvenpaa.fi\/\",\"name\":\"J\u00e4rvenp\u00e4\u00e4n Seudun Nuorkauppakamari\",\"description\":\"Be better\",\"publisher\":{\"@id\":\"https:\/\/jcjarvenpaa.fi\/#organization\"},\"potentialAction\":[{\"@type\":\"SearchAction\",\"target\":{\"@type\":\"EntryPoint\",\"urlTemplate\":\"https:\/\/jcjarvenpaa.fi\/?s={search_term_string}\"},\"query-input\":{\"@type\":\"PropertyValueSpecification\",\"valueRequired\":true,\"valueName\":\"search_term_string\"}}],\"inLanguage\":\"en-GB\"},{\"@type\":\"Organization\",\"@id\":\"https:\/\/jcjarvenpaa.fi\/#organization\",\"name\":\"J\u00e4rvenp\u00e4\u00e4n Seudun Nuorkauppakamari\",\"url\":\"https:\/\/jcjarvenpaa.fi\/\",\"logo\":{\"@type\":\"ImageObject\",\"inLanguage\":\"en-GB\",\"@id\":\"https:\/\/jcjarvenpaa.fi\/#\/schema\/logo\/image\/\",\"url\":\"https:\/\/jcjarvenpaa.fi\/wp-content\/uploads\/2020\/05\/JCI-Ja\u0308rvenpa\u0308a\u0308.png\",\"contentUrl\":\"https:\/\/jcjarvenpaa.fi\/wp-content\/uploads\/2020\/05\/JCI-Ja\u0308rvenpa\u0308a\u0308.png\",\"width\":1042,\"height\":474,\"caption\":\"J\u00e4rvenp\u00e4\u00e4n Seudun Nuorkauppakamari\"},\"image\":{\"@id\":\"https:\/\/jcjarvenpaa.fi\/#\/schema\/logo\/image\/\"}},{\"@type\":\"Person\",\"@id\":\"https:\/\/jcjarvenpaa.fi\/#\/schema\/person\/c64d4485e1da0b5f6ef9edd85800d4fd\",\"name\":\"JERE\",\"image\":{\"@type\":\"ImageObject\",\"inLanguage\":\"en-GB\",\"@id\":\"https:\/\/jcjarvenpaa.fi\/#\/schema\/person\/image\/\",\"url\":\"https:\/\/secure.gravatar.com\/avatar\/42284be572e1cf38dd61c9ff29ac46e6d96bea34d2e0a79b905e967beab1c396?s=96&d=mm&r=g\",\"contentUrl\":\"https:\/\/secure.gravatar.com\/avatar\/42284be572e1cf38dd61c9ff29ac46e6d96bea34d2e0a79b905e967beab1c396?s=96&d=mm&r=g\",\"caption\":\"JERE\"},\"url\":\"https:\/\/jcjarvenpaa.fi\/en\/author\/jere\/\"}]}<\/script>\n<!-- \/ Yoast SEO plugin. -->","yoast_head_json":{"title":"P\u00e4iv\u00e4 johtajana - J\u00e4rvenp\u00e4\u00e4n Seudun Nuorkauppakamari","robots":{"index":"index","follow":"follow","max-snippet":"max-snippet:-1","max-image-preview":"max-image-preview:large","max-video-preview":"max-video-preview:-1"},"canonical":"https:\/\/jcjarvenpaa.fi\/en\/2024\/10\/14\/paiva-johtajana\/","og_locale":"en_GB","og_type":"article","og_title":"P\u00e4iv\u00e4 johtajana - J\u00e4rvenp\u00e4\u00e4n Seudun Nuorkauppakamari","og_description":"Mit\u00e4 johtajan ty\u00f6p\u00e4iv\u00e4\u00e4n sis\u00e4ltyy? Mitk\u00e4 ovat johtajalle t\u00e4rkeit\u00e4 ominaisuuksia? Ja miten liiketoimintap\u00e4\u00e4t\u00f6kset syntyv\u00e4t? &nbsp; Muun muassa n\u00e4iden teemojen parissa oikeustradenomiopiskelija Nea Maaninen p\u00e4\u00e4si k\u00e4ym\u00e4\u00e4n useita mielenkiintoisia keskusteluja J\u00e4rvenp\u00e4\u00e4n kaupungin Yritys- ja elinkeinostrategian ohjelmap\u00e4\u00e4llikk\u00f6 Heikki H\u00e4yh\u00e4n kanssa P\u00e4iv\u00e4 johtajana -p\u00e4iv\u00e4n aikana. Nea ja Heikki jakoivat lokakuun alussa J\u00e4rvenp\u00e4\u00e4n Seudun Nuorkauppakamarin (JSNKK:n) ja J\u00e4rvenp\u00e4\u00e4n kaupungin yhteisty\u00f6ss\u00e4 j\u00e4rjest\u00e4m\u00e4ss\u00e4 [&hellip;]","og_url":"https:\/\/jcjarvenpaa.fi\/en\/2024\/10\/14\/paiva-johtajana\/","og_site_name":"J\u00e4rvenp\u00e4\u00e4n Seudun Nuorkauppakamari","article_published_time":"2024-10-14T07:03:24+00:00","article_modified_time":"2024-10-17T09:45:05+00:00","og_image":[{"width":2560,"height":1748,"url":"http:\/\/jcjarvenpaa.fi\/wp-content\/uploads\/2024\/10\/1000003798-scaled.jpg","type":"image\/jpeg"}],"author":"JERE","twitter_card":"summary_large_image","twitter_misc":{"Written by":"JERE","Estimated reading time":"2 minutes"},"schema":{"@context":"https:\/\/schema.org","@graph":[{"@type":"Article","@id":"https:\/\/jcjarvenpaa.fi\/2024\/10\/14\/paiva-johtajana\/#article","isPartOf":{"@id":"https:\/\/jcjarvenpaa.fi\/2024\/10\/14\/paiva-johtajana\/"},"author":{"name":"JERE","@id":"https:\/\/jcjarvenpaa.fi\/#\/schema\/person\/c64d4485e1da0b5f6ef9edd85800d4fd"},"headline":"P\u00e4iv\u00e4 johtajana","datePublished":"2024-10-14T07:03:24+00:00","dateModified":"2024-10-17T09:45:05+00:00","mainEntityOfPage":{"@id":"https:\/\/jcjarvenpaa.fi\/2024\/10\/14\/paiva-johtajana\/"},"wordCount":495,"publisher":{"@id":"https:\/\/jcjarvenpaa.fi\/#organization"},"image":{"@id":"https:\/\/jcjarvenpaa.fi\/2024\/10\/14\/paiva-johtajana\/#primaryimage"},"thumbnailUrl":"https:\/\/jcjarvenpaa.fi\/wp-content\/uploads\/2024\/10\/1000003798-scaled.jpg","articleSection":["Uutiset"],"inLanguage":"en-GB"},{"@type":"WebPage","@id":"https:\/\/jcjarvenpaa.fi\/2024\/10\/14\/paiva-johtajana\/","url":"https:\/\/jcjarvenpaa.fi\/2024\/10\/14\/paiva-johtajana\/","name":"P\u00e4iv\u00e4 johtajana - J\u00e4rvenp\u00e4\u00e4n Seudun Nuorkauppakamari","isPartOf":{"@id":"https:\/\/jcjarvenpaa.fi\/#website"},"primaryImageOfPage":{"@id":"https:\/\/jcjarvenpaa.fi\/2024\/10\/14\/paiva-johtajana\/#primaryimage"},"image":{"@id":"https:\/\/jcjarvenpaa.fi\/2024\/10\/14\/paiva-johtajana\/#primaryimage"},"thumbnailUrl":"https:\/\/jcjarvenpaa.fi\/wp-content\/uploads\/2024\/10\/1000003798-scaled.jpg","datePublished":"2024-10-14T07:03:24+00:00","dateModified":"2024-10-17T09:45:05+00:00","breadcrumb":{"@id":"https:\/\/jcjarvenpaa.fi\/2024\/10\/14\/paiva-johtajana\/#breadcrumb"},"inLanguage":"en-GB","potentialAction":[{"@type":"ReadAction","target":["https:\/\/jcjarvenpaa.fi\/2024\/10\/14\/paiva-johtajana\/"]}]},{"@type":"ImageObject","inLanguage":"en-GB","@id":"https:\/\/jcjarvenpaa.fi\/2024\/10\/14\/paiva-johtajana\/#primaryimage","url":"https:\/\/jcjarvenpaa.fi\/wp-content\/uploads\/2024\/10\/1000003798-scaled.jpg","contentUrl":"https:\/\/jcjarvenpaa.fi\/wp-content\/uploads\/2024\/10\/1000003798-scaled.jpg","width":2560,"height":1748,"caption":"Heikki H\u00e4yh\u00e4 ja Nea Maaninen"},{"@type":"BreadcrumbList","@id":"https:\/\/jcjarvenpaa.fi\/2024\/10\/14\/paiva-johtajana\/#breadcrumb","itemListElement":[{"@type":"ListItem","position":1,"name":"Home","item":"https:\/\/jcjarvenpaa.fi\/"},{"@type":"ListItem","position":2,"name":"P\u00e4iv\u00e4 johtajana"}]},{"@type":"WebSite","@id":"https:\/\/jcjarvenpaa.fi\/#website","url":"https:\/\/jcjarvenpaa.fi\/","name":"J\u00e4rvenp\u00e4\u00e4n Seudun Nuorkauppakamari","description":"Be better","publisher":{"@id":"https:\/\/jcjarvenpaa.fi\/#organization"},"potentialAction":[{"@type":"SearchAction","target":{"@type":"EntryPoint","urlTemplate":"https:\/\/jcjarvenpaa.fi\/?s={search_term_string}"},"query-input":{"@type":"PropertyValueSpecification","valueRequired":true,"valueName":"search_term_string"}}],"inLanguage":"en-GB"},{"@type":"Organization","@id":"https:\/\/jcjarvenpaa.fi\/#organization","name":"J\u00e4rvenp\u00e4\u00e4n Seudun Nuorkauppakamari","url":"https:\/\/jcjarvenpaa.fi\/","logo":{"@type":"ImageObject","inLanguage":"en-GB","@id":"https:\/\/jcjarvenpaa.fi\/#\/schema\/logo\/image\/","url":"https:\/\/jcjarvenpaa.fi\/wp-content\/uploads\/2020\/05\/JCI-Ja\u0308rvenpa\u0308a\u0308.png","contentUrl":"https:\/\/jcjarvenpaa.fi\/wp-content\/uploads\/2020\/05\/JCI-Ja\u0308rvenpa\u0308a\u0308.png","width":1042,"height":474,"caption":"J\u00e4rvenp\u00e4\u00e4n Seudun Nuorkauppakamari"},"image":{"@id":"https:\/\/jcjarvenpaa.fi\/#\/schema\/logo\/image\/"}},{"@type":"Person","@id":"https:\/\/jcjarvenpaa.fi\/#\/schema\/person\/c64d4485e1da0b5f6ef9edd85800d4fd","name":"JERE","image":{"@type":"ImageObject","inLanguage":"en-GB","@id":"https:\/\/jcjarvenpaa.fi\/#\/schema\/person\/image\/","url":"https:\/\/secure.gravatar.com\/avatar\/42284be572e1cf38dd61c9ff29ac46e6d96bea34d2e0a79b905e967beab1c396?s=96&d=mm&r=g","contentUrl":"https:\/\/secure.gravatar.com\/avatar\/42284be572e1cf38dd61c9ff29ac46e6d96bea34d2e0a79b905e967beab1c396?s=96&d=mm&r=g","caption":"JERE"},"url":"https:\/\/jcjarvenpaa.fi\/en\/author\/jere\/"}]}},"_links":{"self":[{"href":"https:\/\/jcjarvenpaa.fi\/en\/wp-json\/wp\/v2\/posts\/4167","targetHints":{"allow":["GET"]}}],"collection":[{"href":"https:\/\/jcjarvenpaa.fi\/en\/wp-json\/wp\/v2\/posts"}],"about":[{"href":"https:\/\/jcjarvenpaa.fi\/en\/wp-json\/wp\/v2\/types\/post"}],"author":[{"embeddable":true,"href":"https:\/\/jcjarvenpaa.fi\/en\/wp-json\/wp\/v2\/users\/41"}],"replies":[{"embeddable":true,"href":"https:\/\/jcjarvenpaa.fi\/en\/wp-json\/wp\/v2\/comments?post=4167"}],"version-history":[{"count":6,"href":"https:\/\/jcjarvenpaa.fi\/en\/wp-json\/wp\/v2\/posts\/4167\/revisions"}],"predecessor-version":[{"id":4183,"href":"https:\/\/jcjarvenpaa.fi\/en\/wp-json\/wp\/v2\/posts\/4167\/revisions\/4183"}],"wp:featuredmedia":[{"embeddable":true,"href":"https:\/\/jcjarvenpaa.fi\/en\/wp-json\/wp\/v2\/media\/4168"}],"wp:attachment":[{"href":"https:\/\/jcjarvenpaa.fi\/en\/wp-json\/wp\/v2\/media?parent=4167"}],"wp:term":[{"taxonomy":"category","embeddable":true,"href":"https:\/\/jcjarvenpaa.fi\/en\/wp-json\/wp\/v2\/categories?post=4167"},{"taxonomy":"post_tag","embeddable":true,"href":"https:\/\/jcjarvenpaa.fi\/en\/wp-json\/wp\/v2\/tags?post=4167"}],"curies":[{"name":"wp","href":"https:\/\/api.w.org\/{rel}","templated":true}]}}