{"id":3878,"date":"2023-12-09T16:19:42","date_gmt":"2023-12-09T14:19:42","guid":{"rendered":"https:\/\/jcjarvenpaa.fi\/?p=3878"},"modified":"2023-12-09T16:24:38","modified_gmt":"2023-12-09T14:24:38","slug":"jsnkkn-tinajuhlia-vietettiin-8-12","status":"publish","type":"post","link":"https:\/\/jcjarvenpaa.fi\/en\/2023\/12\/09\/jsnkkn-tinajuhlia-vietettiin-8-12\/","title":{"rendered":"JSNKK:n tinajuhlia vietettiin 8.12."},"content":{"rendered":"<p>Kamarivuoden p\u00e4\u00e4t\u00f6sjuhlia meille tutummin tinajuhlia vietettiin taas. Illan kohokohta oli k\u00e4\u00e4tyjen vaihto. Vuoden 2023 puheenjohtaja <span class=\"xv78j7m\" spellcheck=\"false\">Mikko L\u00e4hteel\u00e4<\/span> luovutti perinteisin seremonioin k\u00e4\u00e4dyt seuraajalleen <span class=\"xv78j7m\" spellcheck=\"false\">Jere Haavisto<\/span>lle! Nyt voi sanoa, ett\u00e4 ensi vuosi alkoi virallisesti painamaan uuden pj:n harteilla.<\/p>\n<p>Illan aikana palkittiin my\u00f6s vuoden aikana ansioituneita kamarilaisia. Palkitut:<br \/>\nVuoden kansainv\u00e4lisin <span class=\"xv78j7m\" spellcheck=\"false\">Ellen Vikman<\/span><br \/>\nVuoden positiivisin <span class=\"xv78j7m\" spellcheck=\"false\">Jere Haavisto<\/span><br \/>\nTahto <span class=\"xv78j7m\" spellcheck=\"false\">Salla Niemel\u00e4<\/span><br \/>\nVuoden nuorkauppakamarilainen <span class=\"xv78j7m\" spellcheck=\"false\">Jere Haavisto<\/span><\/p>\n<p>Ja totta kai kovaa kauppaa k\u00e4ytiin &#8221;maailman kalleimmasta hatusta&#8221;. J\u00e4ttipotin vei lopulta koalitio Haavisto-L\u00e4hteel\u00e4.<\/p>\n<p>Jo t\u00e4ss\u00e4 vaiheessa haluamme kiitt\u00e4\u00e4 kuluneesta vuodesta! Toki projektit py\u00f6riv\u00e4t edelleen. <span class=\"xv78j7m\" spellcheck=\"false\">J\u00e4ken Joulupuu<\/span>-ker\u00e4ys jatkuu 17.12. asti. Ent\u00e4 jos vuorostasi mietit viel\u00e4 lahjaa pukinkonttiin, tilaa meilt\u00e4 hittilahja Tuusulanj\u00e4rven Rundi: <a class=\"x1fey0fg xmper1u x1edh9d7\" href=\"https:\/\/jcjarvenpaa.fi\/en\/kauppa\/tuusulanjarven-rundi\/\">https:\/\/jcjarvenpaa.fi\/kauppa\/tuusulanjarven-rundi\/<\/a><\/p>","protected":false},"excerpt":{"rendered":"<p>Kamarivuoden p\u00e4\u00e4t\u00f6sjuhlia meille tutummin tinajuhlia vietettiin taas. Illan kohokohta oli k\u00e4\u00e4tyjen vaihto. Vuoden 2023 puheenjohtaja Mikko L\u00e4hteel\u00e4 luovutti perinteisin seremonioin k\u00e4\u00e4dyt seuraajalleen Jere Haavistolle! Nyt voi sanoa, ett\u00e4 ensi vuosi alkoi virallisesti painamaan uuden pj:n harteilla. Illan aikana palkittiin my\u00f6s vuoden aikana ansioituneita kamarilaisia. Palkitut: Vuoden kansainv\u00e4lisin Ellen Vikman Vuoden positiivisin Jere Haavisto Tahto Salla [&hellip;]<\/p>","protected":false},"author":38,"featured_media":3879,"comment_status":"closed","ping_status":"open","sticky":false,"template":"","format":"standard","meta":{"site-sidebar-layout":"default","site-content-layout":"","ast-site-content-layout":"default","site-content-style":"default","site-sidebar-style":"default","ast-global-header-display":"","ast-banner-title-visibility":"","ast-main-header-display":"","ast-hfb-above-header-display":"","ast-hfb-below-header-display":"","ast-hfb-mobile-header-display":"","site-post-title":"","ast-breadcrumbs-content":"","ast-featured-img":"","footer-sml-layout":"","theme-transparent-header-meta":"default","adv-header-id-meta":"","stick-header-meta":"","header-above-stick-meta":"","header-main-stick-meta":"","header-below-stick-meta":"","astra-migrate-meta-layouts":"set","ast-page-background-enabled":"default","ast-page-background-meta":{"desktop":{"background-color":"","background-image":"","background-repeat":"repeat","background-position":"center center","background-size":"auto","background-attachment":"scroll","background-type":"","background-media":"","overlay-type":"","overlay-color":"","overlay-opacity":"","overlay-gradient":""},"tablet":{"background-color":"","background-image":"","background-repeat":"repeat","background-position":"center center","background-size":"auto","background-attachment":"scroll","background-type":"","background-media":"","overlay-type":"","overlay-color":"","overlay-opacity":"","overlay-gradient":""},"mobile":{"background-color":"","background-image":"","background-repeat":"repeat","background-position":"center center","background-size":"auto","background-attachment":"scroll","background-type":"","background-media":"","overlay-type":"","overlay-color":"","overlay-opacity":"","overlay-gradient":""}},"ast-content-background-meta":{"desktop":{"background-color":"var(--ast-global-color-5)","background-image":"","background-repeat":"repeat","background-position":"center center","background-size":"auto","background-attachment":"scroll","background-type":"","background-media":"","overlay-type":"","overlay-color":"","overlay-opacity":"","overlay-gradient":""},"tablet":{"background-color":"var(--ast-global-color-5)","background-image":"","background-repeat":"repeat","background-position":"center center","background-size":"auto","background-attachment":"scroll","background-type":"","background-media":"","overlay-type":"","overlay-color":"","overlay-opacity":"","overlay-gradient":""},"mobile":{"background-color":"var(--ast-global-color-5)","background-image":"","background-repeat":"repeat","background-position":"center center","background-size":"auto","background-attachment":"scroll","background-type":"","background-media":"","overlay-type":"","overlay-color":"","overlay-opacity":"","overlay-gradient":""}},"footnotes":""},"categories":[2],"tags":[],"class_list":["post-3878","post","type-post","status-publish","format-standard","has-post-thumbnail","hentry","category-uutiset"],"yoast_head":"<!-- This site is optimized with the Yoast SEO plugin v26.1.1 - https:\/\/yoast.com\/wordpress\/plugins\/seo\/ -->\n<title>JSNKK:n tinajuhlia vietettiin 8.12. - J\u00e4rvenp\u00e4\u00e4n Seudun Nuorkauppakamari<\/title>\n<meta name=\"robots\" content=\"index, follow, max-snippet:-1, max-image-preview:large, max-video-preview:-1\" \/>\n<link rel=\"canonical\" href=\"https:\/\/jcjarvenpaa.fi\/en\/2023\/12\/09\/jsnkkn-tinajuhlia-vietettiin-8-12\/\" \/>\n<meta property=\"og:locale\" content=\"en_GB\" \/>\n<meta property=\"og:type\" content=\"article\" \/>\n<meta property=\"og:title\" content=\"JSNKK:n tinajuhlia vietettiin 8.12. - J\u00e4rvenp\u00e4\u00e4n Seudun Nuorkauppakamari\" \/>\n<meta property=\"og:description\" content=\"Kamarivuoden p\u00e4\u00e4t\u00f6sjuhlia meille tutummin tinajuhlia vietettiin taas. Illan kohokohta oli k\u00e4\u00e4tyjen vaihto. Vuoden 2023 puheenjohtaja Mikko L\u00e4hteel\u00e4 luovutti perinteisin seremonioin k\u00e4\u00e4dyt seuraajalleen Jere Haavistolle! Nyt voi sanoa, ett\u00e4 ensi vuosi alkoi virallisesti painamaan uuden pj:n harteilla. Illan aikana palkittiin my\u00f6s vuoden aikana ansioituneita kamarilaisia. Palkitut: Vuoden kansainv\u00e4lisin Ellen Vikman Vuoden positiivisin Jere Haavisto Tahto Salla [&hellip;]\" \/>\n<meta property=\"og:url\" content=\"https:\/\/jcjarvenpaa.fi\/en\/2023\/12\/09\/jsnkkn-tinajuhlia-vietettiin-8-12\/\" \/>\n<meta property=\"og:site_name\" content=\"J\u00e4rvenp\u00e4\u00e4n Seudun Nuorkauppakamari\" \/>\n<meta property=\"article:published_time\" content=\"2023-12-09T14:19:42+00:00\" \/>\n<meta property=\"article:modified_time\" content=\"2023-12-09T14:24:38+00:00\" \/>\n<meta property=\"og:image\" content=\"http:\/\/jcjarvenpaa.fi\/wp-content\/uploads\/2023\/12\/Kaatyjen-vaihto-e1702131475254.jpg\" \/>\n\t<meta property=\"og:image:width\" content=\"900\" \/>\n\t<meta property=\"og:image:height\" content=\"1600\" \/>\n\t<meta property=\"og:image:type\" content=\"image\/jpeg\" \/>\n<meta name=\"author\" content=\"Salla\" \/>\n<meta name=\"twitter:card\" content=\"summary_large_image\" \/>\n<meta name=\"twitter:label1\" content=\"Written by\" \/>\n\t<meta name=\"twitter:data1\" content=\"Salla\" \/>\n\t<meta name=\"twitter:label2\" content=\"Estimated reading time\" \/>\n\t<meta name=\"twitter:data2\" content=\"1 minute\" \/>\n<script type=\"application\/ld+json\" class=\"yoast-schema-graph\">{\"@context\":\"https:\/\/schema.org\",\"@graph\":[{\"@type\":\"Article\",\"@id\":\"https:\/\/jcjarvenpaa.fi\/2023\/12\/09\/jsnkkn-tinajuhlia-vietettiin-8-12\/#article\",\"isPartOf\":{\"@id\":\"https:\/\/jcjarvenpaa.fi\/2023\/12\/09\/jsnkkn-tinajuhlia-vietettiin-8-12\/\"},\"author\":{\"name\":\"Salla\",\"@id\":\"https:\/\/jcjarvenpaa.fi\/#\/schema\/person\/3273b3f87c766378317608cc6271fe61\"},\"headline\":\"JSNKK:n tinajuhlia vietettiin 8.12.\",\"datePublished\":\"2023-12-09T14:19:42+00:00\",\"dateModified\":\"2023-12-09T14:24:38+00:00\",\"mainEntityOfPage\":{\"@id\":\"https:\/\/jcjarvenpaa.fi\/2023\/12\/09\/jsnkkn-tinajuhlia-vietettiin-8-12\/\"},\"wordCount\":126,\"publisher\":{\"@id\":\"https:\/\/jcjarvenpaa.fi\/#organization\"},\"image\":{\"@id\":\"https:\/\/jcjarvenpaa.fi\/2023\/12\/09\/jsnkkn-tinajuhlia-vietettiin-8-12\/#primaryimage\"},\"thumbnailUrl\":\"https:\/\/jcjarvenpaa.fi\/wp-content\/uploads\/2023\/12\/Kaatyjen-vaihto-e1702131475254.jpg\",\"articleSection\":[\"Uutiset\"],\"inLanguage\":\"en-GB\"},{\"@type\":\"WebPage\",\"@id\":\"https:\/\/jcjarvenpaa.fi\/2023\/12\/09\/jsnkkn-tinajuhlia-vietettiin-8-12\/\",\"url\":\"https:\/\/jcjarvenpaa.fi\/2023\/12\/09\/jsnkkn-tinajuhlia-vietettiin-8-12\/\",\"name\":\"JSNKK:n tinajuhlia vietettiin 8.12. - J\u00e4rvenp\u00e4\u00e4n Seudun Nuorkauppakamari\",\"isPartOf\":{\"@id\":\"https:\/\/jcjarvenpaa.fi\/#website\"},\"primaryImageOfPage\":{\"@id\":\"https:\/\/jcjarvenpaa.fi\/2023\/12\/09\/jsnkkn-tinajuhlia-vietettiin-8-12\/#primaryimage\"},\"image\":{\"@id\":\"https:\/\/jcjarvenpaa.fi\/2023\/12\/09\/jsnkkn-tinajuhlia-vietettiin-8-12\/#primaryimage\"},\"thumbnailUrl\":\"https:\/\/jcjarvenpaa.fi\/wp-content\/uploads\/2023\/12\/Kaatyjen-vaihto-e1702131475254.jpg\",\"datePublished\":\"2023-12-09T14:19:42+00:00\",\"dateModified\":\"2023-12-09T14:24:38+00:00\",\"breadcrumb\":{\"@id\":\"https:\/\/jcjarvenpaa.fi\/2023\/12\/09\/jsnkkn-tinajuhlia-vietettiin-8-12\/#breadcrumb\"},\"inLanguage\":\"en-GB\",\"potentialAction\":[{\"@type\":\"ReadAction\",\"target\":[\"https:\/\/jcjarvenpaa.fi\/2023\/12\/09\/jsnkkn-tinajuhlia-vietettiin-8-12\/\"]}]},{\"@type\":\"ImageObject\",\"inLanguage\":\"en-GB\",\"@id\":\"https:\/\/jcjarvenpaa.fi\/2023\/12\/09\/jsnkkn-tinajuhlia-vietettiin-8-12\/#primaryimage\",\"url\":\"https:\/\/jcjarvenpaa.fi\/wp-content\/uploads\/2023\/12\/Kaatyjen-vaihto-e1702131475254.jpg\",\"contentUrl\":\"https:\/\/jcjarvenpaa.fi\/wp-content\/uploads\/2023\/12\/Kaatyjen-vaihto-e1702131475254.jpg\",\"width\":900,\"height\":1600,\"caption\":\"V\u00e4istyv\u00e4 ja tuleva puheenjohtaja\"},{\"@type\":\"BreadcrumbList\",\"@id\":\"https:\/\/jcjarvenpaa.fi\/2023\/12\/09\/jsnkkn-tinajuhlia-vietettiin-8-12\/#breadcrumb\",\"itemListElement\":[{\"@type\":\"ListItem\",\"position\":1,\"name\":\"Home\",\"item\":\"https:\/\/jcjarvenpaa.fi\/\"},{\"@type\":\"ListItem\",\"position\":2,\"name\":\"JSNKK:n tinajuhlia vietettiin 8.12.\"}]},{\"@type\":\"WebSite\",\"@id\":\"https:\/\/jcjarvenpaa.fi\/#website\",\"url\":\"https:\/\/jcjarvenpaa.fi\/\",\"name\":\"J\u00e4rvenp\u00e4\u00e4n Seudun Nuorkauppakamari\",\"description\":\"Be better\",\"publisher\":{\"@id\":\"https:\/\/jcjarvenpaa.fi\/#organization\"},\"potentialAction\":[{\"@type\":\"SearchAction\",\"target\":{\"@type\":\"EntryPoint\",\"urlTemplate\":\"https:\/\/jcjarvenpaa.fi\/?s={search_term_string}\"},\"query-input\":{\"@type\":\"PropertyValueSpecification\",\"valueRequired\":true,\"valueName\":\"search_term_string\"}}],\"inLanguage\":\"en-GB\"},{\"@type\":\"Organization\",\"@id\":\"https:\/\/jcjarvenpaa.fi\/#organization\",\"name\":\"J\u00e4rvenp\u00e4\u00e4n Seudun Nuorkauppakamari\",\"url\":\"https:\/\/jcjarvenpaa.fi\/\",\"logo\":{\"@type\":\"ImageObject\",\"inLanguage\":\"en-GB\",\"@id\":\"https:\/\/jcjarvenpaa.fi\/#\/schema\/logo\/image\/\",\"url\":\"https:\/\/jcjarvenpaa.fi\/wp-content\/uploads\/2020\/05\/JCI-Ja\u0308rvenpa\u0308a\u0308.png\",\"contentUrl\":\"https:\/\/jcjarvenpaa.fi\/wp-content\/uploads\/2020\/05\/JCI-Ja\u0308rvenpa\u0308a\u0308.png\",\"width\":1042,\"height\":474,\"caption\":\"J\u00e4rvenp\u00e4\u00e4n Seudun Nuorkauppakamari\"},\"image\":{\"@id\":\"https:\/\/jcjarvenpaa.fi\/#\/schema\/logo\/image\/\"}},{\"@type\":\"Person\",\"@id\":\"https:\/\/jcjarvenpaa.fi\/#\/schema\/person\/3273b3f87c766378317608cc6271fe61\",\"name\":\"Salla\",\"image\":{\"@type\":\"ImageObject\",\"inLanguage\":\"en-GB\",\"@id\":\"https:\/\/jcjarvenpaa.fi\/#\/schema\/person\/image\/\",\"url\":\"https:\/\/secure.gravatar.com\/avatar\/0a5e0d3589dc082a19e9aea3a96138d059420e85bb0ed9fea99a82dca7888001?s=96&d=mm&r=g\",\"contentUrl\":\"https:\/\/secure.gravatar.com\/avatar\/0a5e0d3589dc082a19e9aea3a96138d059420e85bb0ed9fea99a82dca7888001?s=96&d=mm&r=g\",\"caption\":\"Salla\"},\"url\":\"https:\/\/jcjarvenpaa.fi\/en\/author\/salla\/\"}]}<\/script>\n<!-- \/ Yoast SEO plugin. -->","yoast_head_json":{"title":"JSNKK:n tinajuhlia vietettiin 8.12. - J\u00e4rvenp\u00e4\u00e4n Seudun Nuorkauppakamari","robots":{"index":"index","follow":"follow","max-snippet":"max-snippet:-1","max-image-preview":"max-image-preview:large","max-video-preview":"max-video-preview:-1"},"canonical":"https:\/\/jcjarvenpaa.fi\/en\/2023\/12\/09\/jsnkkn-tinajuhlia-vietettiin-8-12\/","og_locale":"en_GB","og_type":"article","og_title":"JSNKK:n tinajuhlia vietettiin 8.12. - J\u00e4rvenp\u00e4\u00e4n Seudun Nuorkauppakamari","og_description":"Kamarivuoden p\u00e4\u00e4t\u00f6sjuhlia meille tutummin tinajuhlia vietettiin taas. Illan kohokohta oli k\u00e4\u00e4tyjen vaihto. Vuoden 2023 puheenjohtaja Mikko L\u00e4hteel\u00e4 luovutti perinteisin seremonioin k\u00e4\u00e4dyt seuraajalleen Jere Haavistolle! Nyt voi sanoa, ett\u00e4 ensi vuosi alkoi virallisesti painamaan uuden pj:n harteilla. Illan aikana palkittiin my\u00f6s vuoden aikana ansioituneita kamarilaisia. Palkitut: Vuoden kansainv\u00e4lisin Ellen Vikman Vuoden positiivisin Jere Haavisto Tahto Salla [&hellip;]","og_url":"https:\/\/jcjarvenpaa.fi\/en\/2023\/12\/09\/jsnkkn-tinajuhlia-vietettiin-8-12\/","og_site_name":"J\u00e4rvenp\u00e4\u00e4n Seudun Nuorkauppakamari","article_published_time":"2023-12-09T14:19:42+00:00","article_modified_time":"2023-12-09T14:24:38+00:00","og_image":[{"width":900,"height":1600,"url":"http:\/\/jcjarvenpaa.fi\/wp-content\/uploads\/2023\/12\/Kaatyjen-vaihto-e1702131475254.jpg","type":"image\/jpeg"}],"author":"Salla","twitter_card":"summary_large_image","twitter_misc":{"Written by":"Salla","Estimated reading time":"1 minute"},"schema":{"@context":"https:\/\/schema.org","@graph":[{"@type":"Article","@id":"https:\/\/jcjarvenpaa.fi\/2023\/12\/09\/jsnkkn-tinajuhlia-vietettiin-8-12\/#article","isPartOf":{"@id":"https:\/\/jcjarvenpaa.fi\/2023\/12\/09\/jsnkkn-tinajuhlia-vietettiin-8-12\/"},"author":{"name":"Salla","@id":"https:\/\/jcjarvenpaa.fi\/#\/schema\/person\/3273b3f87c766378317608cc6271fe61"},"headline":"JSNKK:n tinajuhlia vietettiin 8.12.","datePublished":"2023-12-09T14:19:42+00:00","dateModified":"2023-12-09T14:24:38+00:00","mainEntityOfPage":{"@id":"https:\/\/jcjarvenpaa.fi\/2023\/12\/09\/jsnkkn-tinajuhlia-vietettiin-8-12\/"},"wordCount":126,"publisher":{"@id":"https:\/\/jcjarvenpaa.fi\/#organization"},"image":{"@id":"https:\/\/jcjarvenpaa.fi\/2023\/12\/09\/jsnkkn-tinajuhlia-vietettiin-8-12\/#primaryimage"},"thumbnailUrl":"https:\/\/jcjarvenpaa.fi\/wp-content\/uploads\/2023\/12\/Kaatyjen-vaihto-e1702131475254.jpg","articleSection":["Uutiset"],"inLanguage":"en-GB"},{"@type":"WebPage","@id":"https:\/\/jcjarvenpaa.fi\/2023\/12\/09\/jsnkkn-tinajuhlia-vietettiin-8-12\/","url":"https:\/\/jcjarvenpaa.fi\/2023\/12\/09\/jsnkkn-tinajuhlia-vietettiin-8-12\/","name":"JSNKK:n tinajuhlia vietettiin 8.12. - J\u00e4rvenp\u00e4\u00e4n Seudun Nuorkauppakamari","isPartOf":{"@id":"https:\/\/jcjarvenpaa.fi\/#website"},"primaryImageOfPage":{"@id":"https:\/\/jcjarvenpaa.fi\/2023\/12\/09\/jsnkkn-tinajuhlia-vietettiin-8-12\/#primaryimage"},"image":{"@id":"https:\/\/jcjarvenpaa.fi\/2023\/12\/09\/jsnkkn-tinajuhlia-vietettiin-8-12\/#primaryimage"},"thumbnailUrl":"https:\/\/jcjarvenpaa.fi\/wp-content\/uploads\/2023\/12\/Kaatyjen-vaihto-e1702131475254.jpg","datePublished":"2023-12-09T14:19:42+00:00","dateModified":"2023-12-09T14:24:38+00:00","breadcrumb":{"@id":"https:\/\/jcjarvenpaa.fi\/2023\/12\/09\/jsnkkn-tinajuhlia-vietettiin-8-12\/#breadcrumb"},"inLanguage":"en-GB","potentialAction":[{"@type":"ReadAction","target":["https:\/\/jcjarvenpaa.fi\/2023\/12\/09\/jsnkkn-tinajuhlia-vietettiin-8-12\/"]}]},{"@type":"ImageObject","inLanguage":"en-GB","@id":"https:\/\/jcjarvenpaa.fi\/2023\/12\/09\/jsnkkn-tinajuhlia-vietettiin-8-12\/#primaryimage","url":"https:\/\/jcjarvenpaa.fi\/wp-content\/uploads\/2023\/12\/Kaatyjen-vaihto-e1702131475254.jpg","contentUrl":"https:\/\/jcjarvenpaa.fi\/wp-content\/uploads\/2023\/12\/Kaatyjen-vaihto-e1702131475254.jpg","width":900,"height":1600,"caption":"V\u00e4istyv\u00e4 ja tuleva puheenjohtaja"},{"@type":"BreadcrumbList","@id":"https:\/\/jcjarvenpaa.fi\/2023\/12\/09\/jsnkkn-tinajuhlia-vietettiin-8-12\/#breadcrumb","itemListElement":[{"@type":"ListItem","position":1,"name":"Home","item":"https:\/\/jcjarvenpaa.fi\/"},{"@type":"ListItem","position":2,"name":"JSNKK:n tinajuhlia vietettiin 8.12."}]},{"@type":"WebSite","@id":"https:\/\/jcjarvenpaa.fi\/#website","url":"https:\/\/jcjarvenpaa.fi\/","name":"J\u00e4rvenp\u00e4\u00e4n Seudun Nuorkauppakamari","description":"Be better","publisher":{"@id":"https:\/\/jcjarvenpaa.fi\/#organization"},"potentialAction":[{"@type":"SearchAction","target":{"@type":"EntryPoint","urlTemplate":"https:\/\/jcjarvenpaa.fi\/?s={search_term_string}"},"query-input":{"@type":"PropertyValueSpecification","valueRequired":true,"valueName":"search_term_string"}}],"inLanguage":"en-GB"},{"@type":"Organization","@id":"https:\/\/jcjarvenpaa.fi\/#organization","name":"J\u00e4rvenp\u00e4\u00e4n Seudun Nuorkauppakamari","url":"https:\/\/jcjarvenpaa.fi\/","logo":{"@type":"ImageObject","inLanguage":"en-GB","@id":"https:\/\/jcjarvenpaa.fi\/#\/schema\/logo\/image\/","url":"https:\/\/jcjarvenpaa.fi\/wp-content\/uploads\/2020\/05\/JCI-Ja\u0308rvenpa\u0308a\u0308.png","contentUrl":"https:\/\/jcjarvenpaa.fi\/wp-content\/uploads\/2020\/05\/JCI-Ja\u0308rvenpa\u0308a\u0308.png","width":1042,"height":474,"caption":"J\u00e4rvenp\u00e4\u00e4n Seudun Nuorkauppakamari"},"image":{"@id":"https:\/\/jcjarvenpaa.fi\/#\/schema\/logo\/image\/"}},{"@type":"Person","@id":"https:\/\/jcjarvenpaa.fi\/#\/schema\/person\/3273b3f87c766378317608cc6271fe61","name":"Salla","image":{"@type":"ImageObject","inLanguage":"en-GB","@id":"https:\/\/jcjarvenpaa.fi\/#\/schema\/person\/image\/","url":"https:\/\/secure.gravatar.com\/avatar\/0a5e0d3589dc082a19e9aea3a96138d059420e85bb0ed9fea99a82dca7888001?s=96&d=mm&r=g","contentUrl":"https:\/\/secure.gravatar.com\/avatar\/0a5e0d3589dc082a19e9aea3a96138d059420e85bb0ed9fea99a82dca7888001?s=96&d=mm&r=g","caption":"Salla"},"url":"https:\/\/jcjarvenpaa.fi\/en\/author\/salla\/"}]}},"_links":{"self":[{"href":"https:\/\/jcjarvenpaa.fi\/en\/wp-json\/wp\/v2\/posts\/3878","targetHints":{"allow":["GET"]}}],"collection":[{"href":"https:\/\/jcjarvenpaa.fi\/en\/wp-json\/wp\/v2\/posts"}],"about":[{"href":"https:\/\/jcjarvenpaa.fi\/en\/wp-json\/wp\/v2\/types\/post"}],"author":[{"embeddable":true,"href":"https:\/\/jcjarvenpaa.fi\/en\/wp-json\/wp\/v2\/users\/38"}],"replies":[{"embeddable":true,"href":"https:\/\/jcjarvenpaa.fi\/en\/wp-json\/wp\/v2\/comments?post=3878"}],"version-history":[{"count":1,"href":"https:\/\/jcjarvenpaa.fi\/en\/wp-json\/wp\/v2\/posts\/3878\/revisions"}],"predecessor-version":[{"id":3880,"href":"https:\/\/jcjarvenpaa.fi\/en\/wp-json\/wp\/v2\/posts\/3878\/revisions\/3880"}],"wp:featuredmedia":[{"embeddable":true,"href":"https:\/\/jcjarvenpaa.fi\/en\/wp-json\/wp\/v2\/media\/3879"}],"wp:attachment":[{"href":"https:\/\/jcjarvenpaa.fi\/en\/wp-json\/wp\/v2\/media?parent=3878"}],"wp:term":[{"taxonomy":"category","embeddable":true,"href":"https:\/\/jcjarvenpaa.fi\/en\/wp-json\/wp\/v2\/categories?post=3878"},{"taxonomy":"post_tag","embeddable":true,"href":"https:\/\/jcjarvenpaa.fi\/en\/wp-json\/wp\/v2\/tags?post=3878"}],"curies":[{"name":"wp","href":"https:\/\/api.w.org\/{rel}","templated":true}]}}